{"id":22913,"date":"2018-06-12T10:00:02","date_gmt":"2018-06-12T09:00:02","guid":{"rendered":"https:\/\/blogs.fu-berlin.de\/bibliotheken\/?p=22913"},"modified":"2021-09-14T10:25:02","modified_gmt":"2021-09-14T09:25:02","slug":"berliner-europa-dialog-1968-ein-europaeisches-jahr","status":"publish","type":"post","link":"https:\/\/blogs.fu-berlin.de\/bibliotheken\/2018\/06\/12\/berliner-europa-dialog-1968-ein-europaeisches-jahr\/","title":{"rendered":"Berliner Europa-Dialog: \u201e1968 &#8211; ein europ\u00e4isches Jahr?\u201c"},"content":{"rendered":"\n<p><em><span class=\"has-inline-color has-bright-red-color\">Der Betrieb des \u201eDokumentationszentrums UN \u2013 EU\u201c wird eingestellt. Die entsprechende Literatur bleibt im Bestand und ist weiterhin zug\u00e4nglich.<\/span><\/em><\/p>\n\n\n<p>Das Dokumentationszentrum Vereinte Nationen \u2013 Europ\u00e4ische Union der Universit\u00e4tsbibliothek der Freien Universit\u00e4t Berlin, das Europ\u00e4ische Informationszentrum Berlin (Tr\u00e4ger: Deutsche Gesellschaft e.V.) und die Europa-Union Berlin e.V. laden am Dienstag den <strong>19.06.2018<\/strong> zum 9. Berliner Europa-Dialog.<\/p>\n<p>Aus globaler Perspektive war das Jahr 1968 ein Jahr des Umbruchs, in dem das bisherige Verst\u00e4ndnis von gesellschaftlichen, politischen, wirtschaftlichen und kulturellen Normen ins Wanken geriet: In den USA wurden der f\u00fcr die Gerechtigkeit der US-Afroamerikaner stehende Martin Luther King und Robert Kennedy ermordet. In Paris, West-Berlin und vielen anderen St\u00e4dten Westeuropas gingen Studentinnen und Studenten auf die Stra\u00dfe, um gegen den Vietnamkrieg und gegen bestehende Normen und Werte zu demonstrieren. In der Tschechoslowakei wurde die Reformbewegung \u201ePrager Fr\u00fchling\u201c und damit die Hoffnung eines \u201eSozialismus mit menschlichem Antlitz\u201c von Truppen des Warschauer Pakts blutig unterdr\u00fcckt.<\/p>\n<p>Der Umbruch und der Schrei nach mehr Demokratie im Jahr 1968 waren ein transnationales Ph\u00e4nomen. Die Ursachen daf\u00fcr sind vielf\u00e4ltig, die politische und gesellschaftliche Vorgeschichte wie auch die Folgen der Ereignisse des Jahres 1968 bewegten die Menschen in West und Ost, allerdings auf v\u00f6llig unterschiedliche Weise. Im Westen wurden die Universit\u00e4ten f\u00fcr breitere soziale Schichten der Bev\u00f6lkerung ge\u00f6ffnet, w\u00e4hrend sich gleichzeitig die Studentenbewegung radikalisierte. Im Osten brachte die Hoffnung auf mehr Freiheiten zun\u00e4chst keine unmittelbaren Erfolge. Es traten aber auch in den sozialistischen Staaten systemimmanente Risse zu Tage, die l\u00e4ngerfristig zur Erosion der Machtgrundlage des realsozialistischen Gesellschaftsmodells f\u00fchrten.<\/p>\n<p>Kann man das Jahr 1968 als \u201eeurop\u00e4isches\u201c Jahr bezeichnen? Wie erkl\u00e4rt sich der aktuelle Kampf um die Deutungshoheit der Chiffre \u201e1968\u201c gerade angesichts wachsender nationaler und populistischer Stimmungen? Sind Parallelen dieses europ\u00e4ischen oder gar transnationalen Ph\u00e4nomens zu heute zu erkennen? Oder kann die derzeitige Politikverdrossenheit zu einer politischen Mobilisierung f\u00fchren? Und wie k\u00f6nnte die Europ\u00e4ische Union in der Zukunft davon profitieren?<\/p>\n<p>Moderiert durch Professorin Dr. Tanja B\u00f6rzel (Leiterin der Arbeitsstelle Europ\u00e4ische Integration, Freie Universit\u00e4t Berlin) diskutieren von <strong>18:30 \u2013 20:30 Uhr, <\/strong>im Henry-Ford-Bau, H\u00f6rsaal A, der FU Berlin (Garystra\u00dfe 35, 14195 Berlin-Dahlem (U3 Freie Universit\u00e4t)):<\/p>\n<ul>\n<li>Dr. Peter Brandt, Professor (i.R.) f\u00fcr Geschichte der Europ\u00e4ischen Moderne, Fernuniversit\u00e4t Hagen<\/li>\n<li>Dr. Hans-Joachim \u201eHajo\u201c Funke, 1968 Sprecher der studentischen Fachschaft des Otto-Suhr-Instituts f\u00fcr Politikwissenschaft, Professor (i.R.) f\u00fcr Politikwissenschaft an der Freie Universit\u00e4t Berlin<\/li>\n<li>Dr. Birgit Mahnkopf, Professorin (i. R.) f\u00fcr Europ\u00e4ische Gesellschaftspolitik, HWR Berlin<\/li>\n<li>Vincent Venus, Communications Manager, Das Progressive Zentrum<\/li>\n<\/ul>\n<p>Die Veranstaltung im Rahmen der Reihe Berliner Europa-Dialog wird kooperativ organisiert vom Dokumentationszentrum Vereinte Nationen \u2013 Europ\u00e4ische Union der Freien Universit\u00e4t Berlin, dem Europ\u00e4ischen Informationszentrum Berlin (Tr\u00e4ger: Deutsche Gesellschaft e. V.) sowie der Europa-Union Berlin e. V.<\/p>\n<p>Wir w\u00fcrden uns freuen, Sie zu der Podiumsdiskussion begr\u00fc\u00dfen zu d\u00fcrfen. Die Veranstaltung ist \u00f6ffentlich, der Eintritt frei. Ihre Anmeldung senden Sie bitte bis zum 18.06.2018 an<a href=\"mailto:%20info@eu-infozentrum-berlin.de\"> info@eu-infozentrum-berlin.de<\/a>.<\/p>\n<p>Noch mehr Informationen zur EU bekommen Sie in unserem <a href=\"https:\/\/www.ub.fu-berlin.de\/bibliothek\/uneu\/\">Dokumentationszentrum UN-EU<\/a>.<\/p>","protected":false},"excerpt":{"rendered":"<p>Der Betrieb des \u201eDokumentationszentrums UN \u2013 EU\u201c wird eingestellt. Die entsprechende Literatur bleibt im Bestand und ist weiterhin zug\u00e4nglich. Das Dokumentationszentrum Vereinte Nationen \u2013 Europ\u00e4ische Union der Universit\u00e4tsbibliothek der Freien Universit\u00e4t Berlin, das Europ\u00e4ische Informationszentrum Berlin (Tr\u00e4ger: Deutsche Gesellschaft e.V.) und die Europa-Union Berlin e.V. laden am Dienstag den 19.06.2018 zum 9. Berliner Europa-Dialog. Aus &hellip; <a href=\"https:\/\/blogs.fu-berlin.de\/bibliotheken\/2018\/06\/12\/berliner-europa-dialog-1968-ein-europaeisches-jahr\/\" class=\"more-link\"><span class=\"screen-reader-text\">\u201eBerliner Europa-Dialog: \u201e1968 &#8211; ein europ\u00e4isches Jahr?\u201c\u201c<\/span> weiterlesen<\/a><\/p>\n","protected":false},"author":2907,"featured_media":0,"comment_status":"open","ping_status":"open","sticky":false,"template":"","format":"standard","meta":{"footnotes":""},"categories":[70],"tags":[56901,935,196694,218342],"class_list":["post-22913","post","type-post","status-publish","format-standard","hentry","category-veranstaltungen","tag-berliner-europa-dialog","tag-europa","tag-europa-union-berlin-e-v","tag-europaeische-informationszentrum-berlin"],"_links":{"self":[{"href":"https:\/\/blogs.fu-berlin.de\/bibliotheken\/wp-json\/wp\/v2\/posts\/22913","targetHints":{"allow":["GET"]}}],"collection":[{"href":"https:\/\/blogs.fu-berlin.de\/bibliotheken\/wp-json\/wp\/v2\/posts"}],"about":[{"href":"https:\/\/blogs.fu-berlin.de\/bibliotheken\/wp-json\/wp\/v2\/types\/post"}],"author":[{"embeddable":true,"href":"https:\/\/blogs.fu-berlin.de\/bibliotheken\/wp-json\/wp\/v2\/users\/2907"}],"replies":[{"embeddable":true,"href":"https:\/\/blogs.fu-berlin.de\/bibliotheken\/wp-json\/wp\/v2\/comments?post=22913"}],"version-history":[{"count":10,"href":"https:\/\/blogs.fu-berlin.de\/bibliotheken\/wp-json\/wp\/v2\/posts\/22913\/revisions"}],"predecessor-version":[{"id":29314,"href":"https:\/\/blogs.fu-berlin.de\/bibliotheken\/wp-json\/wp\/v2\/posts\/22913\/revisions\/29314"}],"wp:attachment":[{"href":"https:\/\/blogs.fu-berlin.de\/bibliotheken\/wp-json\/wp\/v2\/media?parent=22913"}],"wp:term":[{"taxonomy":"category","embeddable":true,"href":"https:\/\/blogs.fu-berlin.de\/bibliotheken\/wp-json\/wp\/v2\/categories?post=22913"},{"taxonomy":"post_tag","embeddable":true,"href":"https:\/\/blogs.fu-berlin.de\/bibliotheken\/wp-json\/wp\/v2\/tags?post=22913"}],"curies":[{"name":"wp","href":"https:\/\/api.w.org\/{rel}","templated":true}]}}