{"id":22956,"date":"2018-05-03T10:11:46","date_gmt":"2018-05-03T09:11:46","guid":{"rendered":"https:\/\/blogs.fu-berlin.de\/bibliotheken\/?p=22956"},"modified":"2021-09-14T10:30:04","modified_gmt":"2021-09-14T09:30:04","slug":"der-fotograf-mahmoud-abu-zeid-known-as-shawkan-erhaelt-den-unescoguillermo-cano-press-freedom-prize-2018","status":"publish","type":"post","link":"https:\/\/blogs.fu-berlin.de\/bibliotheken\/2018\/05\/03\/der-fotograf-mahmoud-abu-zeid-known-as-shawkan-erhaelt-den-unescoguillermo-cano-press-freedom-prize-2018\/","title":{"rendered":"Der Fotograf Mahmoud Abu Zeid erh\u00e4lt den UNESCO\/Guillermo Cano Press Freedom Prize 2018"},"content":{"rendered":"\n<p><em><span class=\"has-inline-color has-bright-red-color\">Der Betrieb des \u201eDokumentationszentrums UN \u2013 EU\u201c wird eingestellt. Die entsprechende Literatur bleibt im Bestand und ist weiterhin zug\u00e4nglich.<\/span><\/em><\/p>\n\n\n<p>Mahmoud Abu Zeid (<em>Mahmoud Abdel Shakour Abou-Zeid<\/em>), bekannt unter seinem K\u00fcnstlernamen Shawkan, wurde 1987 geboren. Er ist agyptischer Pressefotograf und wurde a<span lang=\"de\">m 14. August 2013, als er w\u00e4hrend einer Demonstration am Rabaa Al-Adawiya Platz in Kairo, Demonstranten fotografierte verhaftet. Laut <a href=\"https:\/\/www.amnesty.de\/\">Amnesty International<\/a> wurden gegen den Fotografen neun konstruierte Anklagepunkte erhoben, darunter \u201eMord\u201c. Anfang 2017 hat der Staatsanwalt in seinem Fall, so&nbsp; <a href=\"https:\/\/news.un.org\/en\/\">UN-News<\/a>, die Todesstrafe gefordert.<\/span><\/p>\n<p><span style=\"color: #000000\">Neben <a href=\"https:\/\/www.reporter-ohne-grenzen.de\/\">Reporter ohne Grenzen<\/a> fordern Jornalistenverb\u00e4nde und Menschenrechtsaktivisten weltweit die sofortige Freilassung von Mahmoud Abu Zeid.<\/span><\/p>\n<p><span lang=\"de\">Seine Festnahme und Inhaftierung steht im Widerspruch zu den Rechten und Freiheiten, die durch die <a href=\"http:\/\/www.un.org\/depts\/german\/menschenrechte\/aemr.pdf\">Allgemeine Erkl\u00e4rung der Menschenrechte<\/a> und den Internationalen <a href=\"http:\/\/www.institut-fuer-menschenrechte.de\/fileadmin\/user_upload\/PDF-Dateien\/Pakte_Konventionen\/ICCPR\/iccpr_de.pdf\">Pakt \u00fcber b\u00fcrgerliche und politische Rechte<\/a> garantiert werden, so die <a href=\"https:\/\/en.unesco.org\/\">UNESCO<\/a>. <\/span><\/p>\n<p><span lang=\"de\">Mahmoud Abu Zeid erh\u00e4lt den mit 25.000 US-Dollar dotierten Preis f\u00fcr seinen herausragenden Beitrag zur Verteidigung und F\u00f6rderung der Pressefreiheit, insbesondere im angesichts von Gefahren. <\/span><\/p>\n<p><span lang=\"de\">Damit wird sein Mut, sein Widerstand und sein Engagement f\u00fcr die Meinungsfreiheit&nbsp; gew\u00fcrdigt, sagte die Jury-Vorsitzende Maria Ressa in einer <a href=\"https:\/\/en.unesco.org\/news\/egyptian-photojournalist-mahmoud-abu-zeid-aka-shawkan-receive-2018-unescoguillermo-cano-press\">Pressemitteilung<\/a>.<\/span><\/p>\n<p>Benannt ist der Preis nach dem <span lang=\"de\">kolumbianischen Journalisten Guillermo Cano Isaza, der m 17. Dezember 1986 vor den B\u00fcros seiner Zeitung El Espectador in Bogot\u00e1 ermordet wurde. Er wird von der <a href=\"http:\/\/fundacionguillermocano.com.co\/\">Guillermo Cano Isaza Foundation<\/a> (Kolumbien) und der <a href=\"http:\/\/www.hssaatio.fi\/en\/\">Helsingin Sanomat Foundation<\/a> (Finnland) finanziert .<\/span><\/p>\n<p><span lang=\"de\">Der Preis wird anl\u00e4sslich des <a href=\"https:\/\/en.unesco.org\/commemorations\/worldpressfreedomday\">Welttages der Pressefreiheit<\/a> verliehen, der dieses Jahr vom&nbsp;2.-3. Mai in Accra, Ghana begangen wird.&nbsp; <\/span><\/p>\n<p><span lang=\"de\">Der 25. Welttag der Pressefreiheit steht unter dem Motto: &#8222;Macht in Schach halten: Medien, Justiz und Rechtsstaatlichkeit&#8220;. Themen werden vor allem <\/span><span lang=\"de\">Medien und die Transparenz des politischen Prozesses, die Unabh\u00e4ngigkeit und Medienkompetenz des Justizsystems und die aktuellen Herausforderungen bez\u00fcglich der Gew\u00e4hrung von Pressefreiheit online sein.<br>\n<\/span><\/p>\n<div class=\"tw-swapa\">Noch mehr Informationen zur UN bekommen Sie in unserem <a href=\"https:\/\/www.ub.fu-berlin.de\/bibliothek\/uneu\/\">Dokumentationszentrum UN-EU<\/a>.<\/div>","protected":false},"excerpt":{"rendered":"<p>Der Betrieb des \u201eDokumentationszentrums UN \u2013 EU\u201c wird eingestellt. Die entsprechende Literatur bleibt im Bestand und ist weiterhin zug\u00e4nglich. Mahmoud Abu Zeid (Mahmoud Abdel Shakour Abou-Zeid), bekannt unter seinem K\u00fcnstlernamen Shawkan, wurde 1987 geboren. Er ist agyptischer Pressefotograf und wurde am 14. August 2013, als er w\u00e4hrend einer Demonstration am Rabaa Al-Adawiya Platz in Kairo, &hellip; <a href=\"https:\/\/blogs.fu-berlin.de\/bibliotheken\/2018\/05\/03\/der-fotograf-mahmoud-abu-zeid-known-as-shawkan-erhaelt-den-unescoguillermo-cano-press-freedom-prize-2018\/\" class=\"more-link\"><span class=\"screen-reader-text\">\u201eDer Fotograf Mahmoud Abu Zeid erh\u00e4lt den UNESCO\/Guillermo Cano Press Freedom Prize 2018\u201c<\/span> weiterlesen<\/a><\/p>\n","protected":false},"author":2907,"featured_media":0,"comment_status":"open","ping_status":"open","sticky":false,"template":"","format":"standard","meta":{"footnotes":""},"categories":[9],"tags":[218351,218349,2458,218347,218348,218352,218350,970,218346],"class_list":["post-22956","post","type-post","status-publish","format-standard","hentry","category-allgemein","tag-allgemeine-erklaerung-der-menschenrechte","tag-amnesty-international","tag-dokumentationszentrum-un-eu","tag-guillermo-cano-isaza-foundation","tag-helsingin-sanomat-foundation","tag-internationalen-pakt-ueber-buergerliche-und-politische-rechte","tag-mahmoud-abu-zeid","tag-unesco","tag-welttag-der-pressefreiheit"],"_links":{"self":[{"href":"https:\/\/blogs.fu-berlin.de\/bibliotheken\/wp-json\/wp\/v2\/posts\/22956","targetHints":{"allow":["GET"]}}],"collection":[{"href":"https:\/\/blogs.fu-berlin.de\/bibliotheken\/wp-json\/wp\/v2\/posts"}],"about":[{"href":"https:\/\/blogs.fu-berlin.de\/bibliotheken\/wp-json\/wp\/v2\/types\/post"}],"author":[{"embeddable":true,"href":"https:\/\/blogs.fu-berlin.de\/bibliotheken\/wp-json\/wp\/v2\/users\/2907"}],"replies":[{"embeddable":true,"href":"https:\/\/blogs.fu-berlin.de\/bibliotheken\/wp-json\/wp\/v2\/comments?post=22956"}],"version-history":[{"count":10,"href":"https:\/\/blogs.fu-berlin.de\/bibliotheken\/wp-json\/wp\/v2\/posts\/22956\/revisions"}],"predecessor-version":[{"id":29334,"href":"https:\/\/blogs.fu-berlin.de\/bibliotheken\/wp-json\/wp\/v2\/posts\/22956\/revisions\/29334"}],"wp:attachment":[{"href":"https:\/\/blogs.fu-berlin.de\/bibliotheken\/wp-json\/wp\/v2\/media?parent=22956"}],"wp:term":[{"taxonomy":"category","embeddable":true,"href":"https:\/\/blogs.fu-berlin.de\/bibliotheken\/wp-json\/wp\/v2\/categories?post=22956"},{"taxonomy":"post_tag","embeddable":true,"href":"https:\/\/blogs.fu-berlin.de\/bibliotheken\/wp-json\/wp\/v2\/tags?post=22956"}],"curies":[{"name":"wp","href":"https:\/\/api.w.org\/{rel}","templated":true}]}}