{"id":22965,"date":"2018-04-30T12:00:49","date_gmt":"2018-04-30T11:00:49","guid":{"rendered":"https:\/\/blogs.fu-berlin.de\/bibliotheken\/?p=22965"},"modified":"2021-09-14T10:30:26","modified_gmt":"2021-09-14T09:30:26","slug":"abschied-vom-kontinent-der-brexit-aus-historischer-und-aktueller-perspektive","status":"publish","type":"post","link":"https:\/\/blogs.fu-berlin.de\/bibliotheken\/2018\/04\/30\/abschied-vom-kontinent-der-brexit-aus-historischer-und-aktueller-perspektive\/","title":{"rendered":"Abschied vom Kontinent? Der Brexit aus historischer und aktueller Perspektive"},"content":{"rendered":"\n<p><em><span class=\"has-inline-color has-bright-red-color\">Der Betrieb des \u201eDokumentationszentrums UN \u2013 EU\u201c wird eingestellt. Die entsprechende Literatur bleibt im Bestand und ist weiterhin zug\u00e4nglich.<\/span><\/em><\/p>\n\n\n<div class=\"vevent\">\n<div class=\"thema\">\n<div id=\"parent-fieldname-text\" class=\"\">\n<p><figure id=\"attachment_22984\" aria-describedby=\"caption-attachment-22984\" style=\"width: 177px\" class=\"wp-caption alignright\"><img loading=\"lazy\" decoding=\"async\" class=\"wp-image-22984 size-full\" src=\"https:\/\/blogs.fu-berlin.de\/bibliotheken\/files\/2018\/04\/NEU_Douvres_Brexit_par_Banksy_2017_1.jpg\" alt=\"\" width=\"177\" height=\"184\"><figcaption id=\"caption-attachment-22984\" class=\"wp-caption-text\">Quelle: <a href=\"https:\/\/commons.wikimedia.org\/wiki\/File:Douvres,_Brexit,_par_Banksy_%282017%29_1.jpg\">Paul Bissegger 2017, Dover (Kent), Brexit, wallpainting by Banksy 1<\/a><\/figcaption><\/figure><\/p>\n<p>In der Reihe <em>Geisteswissenschaft<\/em> <em>im Dialog<\/em> der <a href=\"http:\/\/www.bbaw.de\/\">Berlin Brandenburgische Akademie der Wissenschaften<\/a> findet am <strong>03.05.2018<\/strong> von <strong>19:00 bis 21:30 Uhr<\/strong> eine Podiumsdiskussion zum Thema &#8222;<a href=\"http:\/\/www.bbaw.de\/veranstaltungen\/2018\/mai\/abschied-vom-kontinent-der-brexit-aus-historischer-und-aktueller-perspektive\">Abschied vom Kontinent? Der Brexit aus historischer und aktueller Perspektive<\/a>&#8222;<\/p>\n<p>Die Beziehungen Gro\u00dfbritanniens zu Kontinentaleuropa sind ambivalent. Als Weltmacht sah man sich nicht an europ\u00e4ische Belange gebunden und hielt sich, zumindest \u00e4u\u00dferlich, aus den Angelegenheiten heraus. Nach dem Ende des 2. Weltkrieges wurde ein gemeinsames Europa zur Vision aber erst 1973 wurde Gro\u00dfbritannien Mitglied der Europ\u00e4ischen Wirtschaftsgemeinschaft. Auch diese Mitgliedschaft war und ist ambivalent. Erinnert sei an Margaret Thatcher, die 1984 in Richtung Br\u00fcssel forderte \u201eWe want our money back!\u201c. Die Stimmen der Europagegner sind nie verstummt.<\/p>\n<p>2016 haben die Briten nun per Referendum mehrheitlich f\u00fcr den Austritt aus der Europ\u00e4ischen Union gestimmt. Bereits in einem Jahr, so der Plan, werden Sie ihre \u201e<a href=\"https:\/\/de.wikipedia.org\/wiki\/Splendid_isolation\">Splendid Isolation<\/a>\u201c wieder vollst\u00e4ndig leben k\u00f6nnen.<\/p>\n<p>Was bedeutet das f\u00fcr Gro\u00dfbritannien? Ist es ein Aufbruch oder ein R\u00fcckzug in alte Strategien? Welche Rolle spielt die Idee der \u201eSplendid Isolation\u201c f\u00fcr die Identit\u00e4t der Briten? Wie nehmen wir den Brexit und die Briten wahr? Wie wichtig ist der Gegensatz zwischen Souver\u00e4nit\u00e4t und Supranationalit\u00e4t und trifft dieser Gegensatz auch auf andere L\u00e4nder zu? Wie werden die zuk\u00fcnftigen Beziehungen zwischen der EU und dem Vereinigten K\u00f6nigreich sowie Irland aussehen? Wie wirkt sich der Brexit auf die EU aus?&nbsp; Welche Verwerfungen zeichnen sich in den Brexit-Verhandlungen bereits ab?<\/p>\n<p><strong>Podium:<\/strong><\/p>\n<ul>\n<li><strong>Prof. Dr. Ulrike Gu\u00e9rot &#8211; <\/strong>Donau-Universit\u00e4t Krems<\/li>\n<li><strong>Prof. Dr. Christopher Harvie &#8211; <\/strong>Universit\u00e4t T\u00fcbingen<\/li>\n<li><strong>Prof. Dr. Christina von Hodenberg &#8211; <\/strong>Queen Mary University of London<\/li>\n<li><strong>Prof. Dr. Brendan Simms &#8211; <\/strong>University of Cambridge<\/li>\n<li><strong>Prof. Dr. jur. Dr. h. c. Christian Tomuschat &#8211; <\/strong>Berlin-Brandenburgische Akademie der Wissenschaften<\/li>\n<\/ul>\n<p><strong>Moderation<\/strong>:<\/p>\n<ul>\n<li><strong>Patrick Bahners &#8211;<\/strong> Frankfurter Allgemeine Zeitung<\/li>\n<\/ul>\n<p>Der Eintritt ist frei. Eine Anmeldung ist erforderlich: Charlotte Jahnz <a class=\"more\" href=\"mailto:gid@maxweberstiftung.de\">gid@maxweberstiftung.de<\/a><\/p>\n<p>Berlin Brandenburgische Akademie der Wissenschaften -Akademiegeb\u00e4ude am Gendarmenmarkt, Leibniz-Saal, Markgrafenstra\u00dfe 38, 10117 Berlin<\/p>\n<p>Sie k\u00f6nnen die Veranstaltung am 3. Mai als Audio-Livestream unter folgender URL verfolgen: <a href=\"https:\/\/voicerepublic.com\/talks\/abschied-vom-kontinent\">https:\/\/voicerepublic.com\/talks\/abschied-vom-kontinent<\/a>.<\/p>\n<p>Dar\u00fcber hinaus wird die Diskussion auch auf Video aufgezeichnet und wird demn\u00e4chst unter <a href=\"https:\/\/vimeo.com\/album\/2645072\">https:\/\/vimeo.com\/album\/2645072<\/a> zu finden sein.<\/p>\n<\/div>\n<\/div>\n<\/div>\n<div>Noch mehr Informationen zur EU bekommen Sie in unserem <a href=\"https:\/\/www.ub.fu-berlin.de\/bibliothek\/uneu\/\">Dokumentationszentrum UN-EU<\/a>.<\/div>","protected":false},"excerpt":{"rendered":"<p>Der Betrieb des \u201eDokumentationszentrums UN \u2013 EU\u201c wird eingestellt. Die entsprechende Literatur bleibt im Bestand und ist weiterhin zug\u00e4nglich. In der Reihe Geisteswissenschaft im Dialog der Berlin Brandenburgische Akademie der Wissenschaften findet am 03.05.2018 von 19:00 bis 21:30 Uhr eine Podiumsdiskussion zum Thema &#8222;Abschied vom Kontinent? Der Brexit aus historischer und aktueller Perspektive&#8222; Die Beziehungen &hellip; <a href=\"https:\/\/blogs.fu-berlin.de\/bibliotheken\/2018\/04\/30\/abschied-vom-kontinent-der-brexit-aus-historischer-und-aktueller-perspektive\/\" class=\"more-link\"><span class=\"screen-reader-text\">\u201eAbschied vom Kontinent? Der Brexit aus historischer und aktueller Perspektive\u201c<\/span> weiterlesen<\/a><\/p>\n","protected":false},"author":2907,"featured_media":0,"comment_status":"open","ping_status":"open","sticky":false,"template":"","format":"standard","meta":{"footnotes":""},"categories":[9,70],"tags":[218357,57481,2458,218356,218355],"class_list":["post-22965","post","type-post","status-publish","format-standard","hentry","category-allgemein","category-veranstaltungen","tag-berlin-brandenburgische-akademie-der-wissenschaften","tag-brexit","tag-dokumentationszentrum-un-eu","tag-geisteswissenschaft-im-dialog","tag-splendid-isolation"],"_links":{"self":[{"href":"https:\/\/blogs.fu-berlin.de\/bibliotheken\/wp-json\/wp\/v2\/posts\/22965","targetHints":{"allow":["GET"]}}],"collection":[{"href":"https:\/\/blogs.fu-berlin.de\/bibliotheken\/wp-json\/wp\/v2\/posts"}],"about":[{"href":"https:\/\/blogs.fu-berlin.de\/bibliotheken\/wp-json\/wp\/v2\/types\/post"}],"author":[{"embeddable":true,"href":"https:\/\/blogs.fu-berlin.de\/bibliotheken\/wp-json\/wp\/v2\/users\/2907"}],"replies":[{"embeddable":true,"href":"https:\/\/blogs.fu-berlin.de\/bibliotheken\/wp-json\/wp\/v2\/comments?post=22965"}],"version-history":[{"count":13,"href":"https:\/\/blogs.fu-berlin.de\/bibliotheken\/wp-json\/wp\/v2\/posts\/22965\/revisions"}],"predecessor-version":[{"id":29336,"href":"https:\/\/blogs.fu-berlin.de\/bibliotheken\/wp-json\/wp\/v2\/posts\/22965\/revisions\/29336"}],"wp:attachment":[{"href":"https:\/\/blogs.fu-berlin.de\/bibliotheken\/wp-json\/wp\/v2\/media?parent=22965"}],"wp:term":[{"taxonomy":"category","embeddable":true,"href":"https:\/\/blogs.fu-berlin.de\/bibliotheken\/wp-json\/wp\/v2\/categories?post=22965"},{"taxonomy":"post_tag","embeddable":true,"href":"https:\/\/blogs.fu-berlin.de\/bibliotheken\/wp-json\/wp\/v2\/tags?post=22965"}],"curies":[{"name":"wp","href":"https:\/\/api.w.org\/{rel}","templated":true}]}}