{"id":22967,"date":"2018-05-05T07:31:26","date_gmt":"2018-05-05T06:31:26","guid":{"rendered":"https:\/\/blogs.fu-berlin.de\/bibliotheken\/?p=22967"},"modified":"2021-09-14T10:29:40","modified_gmt":"2021-09-14T09:29:40","slug":"europatag-2018","status":"publish","type":"post","link":"https:\/\/blogs.fu-berlin.de\/bibliotheken\/2018\/05\/05\/europatag-2018\/","title":{"rendered":"Europatag"},"content":{"rendered":"\n<p><em><span class=\"has-inline-color has-bright-red-color\">Der Betrieb des \u201eDokumentationszentrums UN \u2013 EU\u201c wird eingestellt. Die entsprechende Literatur bleibt im Bestand und ist weiterhin zug\u00e4nglich.<\/span><\/em><\/p>\n\n\n<p><figure id=\"attachment_22968\" aria-describedby=\"caption-attachment-22968\" style=\"width: 300px\" class=\"wp-caption alignright\"><img loading=\"lazy\" decoding=\"async\" class=\"size-medium wp-image-22968\" src=\"https:\/\/blogs.fu-berlin.de\/bibliotheken\/files\/2018\/04\/flag-2313980_1280-300x200.png\" alt=\"\" width=\"300\" height=\"200\" srcset=\"https:\/\/blogs.fu-berlin.de\/bibliotheken\/files\/2018\/04\/flag-2313980_1280-300x200.png 300w, https:\/\/blogs.fu-berlin.de\/bibliotheken\/files\/2018\/04\/flag-2313980_1280-1200x802.png 1200w, https:\/\/blogs.fu-berlin.de\/bibliotheken\/files\/2018\/04\/flag-2313980_1280.png 1280w\" sizes=\"auto, (max-width: 300px) 85vw, 300px\" \/><figcaption id=\"caption-attachment-22968\" class=\"wp-caption-text\">Quelle: pixabay.com \u2013 CC0 License<\/figcaption><\/figure><\/p>\n<p>Heute ist der <a href=\"https:\/\/europa.eu\/european-union\/about-eu\/symbols\/europe-day_en\">Europatag des Europarates<\/a>. Dieser Feiertag wird seit 1964 gefeiert, in Erinnerung an die Gr\u00fcndung des Europarates durch die Unterzeichnung seiner Satzung am 05. Mai 1949 in London.<\/p>\n<p>Am 09. Mai wird ein weiterer Europatag gefeiert &#8211; der <a href=\"https:\/\/ec.europa.eu\/germany\/events\/europe-day_de\">Europatag der Europ\u00e4ischen Union<\/a>. Dieses Datum h\u00e4ngt mit der sogenannten Schumann-Erkl\u00e4rung vom 09. Mai 1950 zusammen. In jener Erkl\u00e4rung hatte der franz\u00f6sische Au\u00dfenminister Robert Schumann in seiner Pariser Rede die Idee zur Schaffung einer Europ\u00e4ischen Gemeinschaft f\u00fcr Kohle und Stahl verk\u00fcndet, die den Grundstein f\u00fcr die heutige Europ\u00e4ische Union bilden sollte. Nachdem bei dem Mail\u00e4nder Gipfeltreffen der Staats- und Regierungschefs 1985 auf Anregung des Adonnino-Ausschusses beschlossen wurde, am 09. Mai jeden Jahres den Europatag der Europ\u00e4ischen Union zu begehen, wird er seit 1986 gefeiert.<\/p>\n<p>Wissen Sie, warum die Europa-Flagge 12 Sterne hat? Die Zahl 12 symbolisiert traditionell Vollkommenheit, Vollst\u00e4ndigkeit und Einheit. In einem Beschluss des Ministerkomitees des Europarates vom 9. Dezember 1955 wurde zur <a href=\"https:\/\/www.coe.int\/en\/web\/about-us\/the-european-flag\">Symbolik der Fahne<\/a> gesagt:<\/p>\n<blockquote><p>\u201eGegen den blauen Himmel der westlichen Welt stellen die Sterne die V\u00f6lker Europas in einem Kreis, dem Zeichen der Einheit, dar. Die Zahl der Sterne ist unver\u00e4nderlich auf zw\u00f6lf festgesetzt, diese Zahl versinnbildlicht die Vollkommenheit und die Vollst\u00e4ndigkeit \u2026 Wie die zw\u00f6lf Zeichen des Tierkreises das gesamte Universum verk\u00f6rpern, so stellen die zw\u00f6lf goldenen Sterne alle V\u00f6lker Europas dar, auch diejenigen, welche an dem Aufbau Europas in Einheit und Frieden noch nicht teilnehmen k\u00f6nnen.\u201c<\/p><\/blockquote>\n<p>Noch mehr Informationen zur EU bekommen Sie in unserem <a href=\"https:\/\/www.ub.fu-berlin.de\/bibliothek\/uneu\/\">Dokumentationszentrum UN-EU<\/a>.<\/p>\n<p>&nbsp;<\/p>\n<p>&nbsp;<\/p>\n<div class=\"Vorlage_Zitat\"><\/div>","protected":false},"excerpt":{"rendered":"<p>Der Betrieb des \u201eDokumentationszentrums UN \u2013 EU\u201c wird eingestellt. Die entsprechende Literatur bleibt im Bestand und ist weiterhin zug\u00e4nglich. Heute ist der Europatag des Europarates. Dieser Feiertag wird seit 1964 gefeiert, in Erinnerung an die Gr\u00fcndung des Europarates durch die Unterzeichnung seiner Satzung am 05. Mai 1949 in London. Am 09. Mai wird ein weiterer &hellip; <a href=\"https:\/\/blogs.fu-berlin.de\/bibliotheken\/2018\/05\/05\/europatag-2018\/\" class=\"more-link\"><span class=\"screen-reader-text\">\u201eEuropatag\u201c<\/span> weiterlesen<\/a><\/p>\n","protected":false},"author":3230,"featured_media":0,"comment_status":"open","ping_status":"open","sticky":false,"template":"","format":"standard","meta":{"footnotes":""},"categories":[9],"tags":[2458,1977,218354,218353],"class_list":["post-22967","post","type-post","status-publish","format-standard","hentry","category-allgemein","tag-dokumentationszentrum-un-eu","tag-europaische-union","tag-europarat","tag-feiertag"],"_links":{"self":[{"href":"https:\/\/blogs.fu-berlin.de\/bibliotheken\/wp-json\/wp\/v2\/posts\/22967","targetHints":{"allow":["GET"]}}],"collection":[{"href":"https:\/\/blogs.fu-berlin.de\/bibliotheken\/wp-json\/wp\/v2\/posts"}],"about":[{"href":"https:\/\/blogs.fu-berlin.de\/bibliotheken\/wp-json\/wp\/v2\/types\/post"}],"author":[{"embeddable":true,"href":"https:\/\/blogs.fu-berlin.de\/bibliotheken\/wp-json\/wp\/v2\/users\/3230"}],"replies":[{"embeddable":true,"href":"https:\/\/blogs.fu-berlin.de\/bibliotheken\/wp-json\/wp\/v2\/comments?post=22967"}],"version-history":[{"count":13,"href":"https:\/\/blogs.fu-berlin.de\/bibliotheken\/wp-json\/wp\/v2\/posts\/22967\/revisions"}],"predecessor-version":[{"id":29332,"href":"https:\/\/blogs.fu-berlin.de\/bibliotheken\/wp-json\/wp\/v2\/posts\/22967\/revisions\/29332"}],"wp:attachment":[{"href":"https:\/\/blogs.fu-berlin.de\/bibliotheken\/wp-json\/wp\/v2\/media?parent=22967"}],"wp:term":[{"taxonomy":"category","embeddable":true,"href":"https:\/\/blogs.fu-berlin.de\/bibliotheken\/wp-json\/wp\/v2\/categories?post=22967"},{"taxonomy":"post_tag","embeddable":true,"href":"https:\/\/blogs.fu-berlin.de\/bibliotheken\/wp-json\/wp\/v2\/tags?post=22967"}],"curies":[{"name":"wp","href":"https:\/\/api.w.org\/{rel}","templated":true}]}}