{"id":23035,"date":"2018-05-08T13:03:36","date_gmt":"2018-05-08T12:03:36","guid":{"rendered":"https:\/\/blogs.fu-berlin.de\/bibliotheken\/?p=23035"},"modified":"2021-09-14T10:29:00","modified_gmt":"2021-09-14T09:29:00","slug":"europawoche-2018","status":"publish","type":"post","link":"https:\/\/blogs.fu-berlin.de\/bibliotheken\/2018\/05\/08\/europawoche-2018\/","title":{"rendered":"Europawoche 2018"},"content":{"rendered":"\n<p><em><span class=\"has-inline-color has-bright-red-color\">Der Betrieb des \u201eDokumentationszentrums UN \u2013 EU\u201c wird eingestellt. Die entsprechende Literatur bleibt im Bestand und ist weiterhin zug\u00e4nglich.<\/span><\/em><\/p>\n\n\n<p><figure id=\"attachment_23029\" aria-describedby=\"caption-attachment-23029\" style=\"width: 300px\" class=\"wp-caption alignright\"><img loading=\"lazy\" decoding=\"async\" class=\"wp-image-23029 size-medium\" src=\"https:\/\/blogs.fu-berlin.de\/bibliotheken\/files\/2018\/05\/logovorlage_der_europawoche_2018-300x212.png\" alt=\"\" width=\"300\" height=\"212\" srcset=\"https:\/\/blogs.fu-berlin.de\/bibliotheken\/files\/2018\/05\/logovorlage_der_europawoche_2018-300x212.png 300w, https:\/\/blogs.fu-berlin.de\/bibliotheken\/files\/2018\/05\/logovorlage_der_europawoche_2018-1200x848.png 1200w\" sizes=\"auto, (max-width: 300px) 85vw, 300px\" \/><figcaption id=\"caption-attachment-23029\" class=\"wp-caption-text\">Europ\u00e4ische Kommission<\/figcaption><\/figure><\/p>\n<p>Seit dem 2. Mai bis zum 15. Mai feiern wir deutschlandweit die <a href=\"https:\/\/ec.europa.eu\/germany\/events\/europe_day_de\">Europawoche<\/a>. Sie ist eine Gemeinschaftsaktion der deutschen L\u00e4nder, der Bundesregierung, der Europ\u00e4ischen Kommission und des Europ\u00e4ischen Parlaments und wird j\u00e4hrlich im Zeitraum der&nbsp; Gedenktage 5. und 9. Mai gefeiert.<\/p>\n<p>Bei einer Vielzahl von<a href=\"https:\/\/www.berlin.de\/land\/kalender\/?kategorie[0]=141&amp;c=45\"> Veranstaltungen und Aktionen<\/a> sind die B\u00fcrgerinnen und B\u00fcrger eingeladen, mit und \u00fcber Europa und die Zukunft der Europ\u00e4ischen Union zu diskutieren, andere L\u00e4nder und Kulturen kennenzulernen und im Europ\u00e4ischen Kulturerbejahr 2018 zudem kulturelles Erbe in Europa zu entdecken und zu erleben.<\/p>\n<p>Am 9. Mai wird in Berlin der Berliner Europapreis \u201eBlauer B\u00e4r\u201c verliehen.<br>\nMit dem <a class=\"ext\" href=\"https:\/\/www.berlin.de\/sen\/europa\/europa-in-berlin\/veranstaltungen\/europapreis\/\">Blauer B\u00e4r<\/a> ehrt die Berliner Senatsverwaltung f\u00fcr Kultur und Europa gemeinsam mit der Vertretung der Europ\u00e4ischen Kommission in Deutschland jedes Jahr Berliner Initiativen und Personen, die mit ihrem \u00fcberwiegend ehrenamtlichen Engagement in unterschiedlichsten Gesellschafts- und Politikbereichen zum Zusammenwachsen Europas und seiner Menschen beitragen. Richard K\u00fchnel, Vertreter der EU-Kommission in Deutschland, wird eine Laudatio zu Ehren der Gewinner halten.<\/p>\n<p>Ebenfalls am 9. Mai vergibt die Europ\u00e4ische Bewegung Deutschlands in Berlin den Preis &#8222;<a href=\"https:\/\/www.netzwerk-ebd.de\/termine\/preisverleihung-preis-frauen-europas-2018\/\">Frauen Europas<\/a>&#8220; 2018 an die Fernsehjournalistin und Autorin D\u00fczen Tekkal. Die Laudatio wird die Bundesministerin f\u00fcr Ern\u00e4hrung und Landwirtschaft, Julia Kl\u00f6ckner, halten. Richard K\u00fchnel, Vertreter der EU-Kommission in Deutschland, spricht das Gru\u00dfwort.<\/p>\n<p>Ab 11 Uhr findet am Brandenburger Tor ein \u201e<a class=\"ext\" href=\"http:\/\/eu-women.eu\/#pll_switcher\">Marsch der Frauen<\/a>\u201c statt, um sich f\u00fcr die Rechte von Frauen einzusetzen. Richard K\u00fchnel, Vertreter der Europ\u00e4ischen Kommission in Deutschland, wird ein Gru\u00dfwort an die Demonstrantinnen und Demonstranten richten und sie anschlie\u00dfend&nbsp; in die Multi-Media-Ausstellung <a class=\"ext\" href=\"https:\/\/erlebnis-europa.eu\/\">Erlebnis Europa<\/a> im Europ\u00e4ischen Haus einladen.<\/p>\n<p>Noch mehr Informationen zur EU bekommen Sie in unserem <a href=\"https:\/\/www.ub.fu-berlin.de\/bibliothek\/uneu\/\">Dokumentationszentrum UN-EU<\/a>.<\/p>","protected":false},"excerpt":{"rendered":"<p>Der Betrieb des \u201eDokumentationszentrums UN \u2013 EU\u201c wird eingestellt. Die entsprechende Literatur bleibt im Bestand und ist weiterhin zug\u00e4nglich. Seit dem 2. Mai bis zum 15. Mai feiern wir deutschlandweit die Europawoche. Sie ist eine Gemeinschaftsaktion der deutschen L\u00e4nder, der Bundesregierung, der Europ\u00e4ischen Kommission und des Europ\u00e4ischen Parlaments und wird j\u00e4hrlich im Zeitraum der&nbsp; Gedenktage &hellip; <a href=\"https:\/\/blogs.fu-berlin.de\/bibliotheken\/2018\/05\/08\/europawoche-2018\/\" class=\"more-link\"><span class=\"screen-reader-text\">\u201eEuropawoche 2018\u201c<\/span> weiterlesen<\/a><\/p>\n","protected":false},"author":2907,"featured_media":0,"comment_status":"open","ping_status":"open","sticky":false,"template":"","format":"standard","meta":{"footnotes":""},"categories":[9],"tags":[2458,56944,218367,218366,218368],"class_list":["post-23035","post","type-post","status-publish","format-standard","hentry","category-allgemein","tag-dokumentationszentrum-un-eu","tag-europaeisches-parlament","tag-europapreis-blauer-baer","tag-europawoche","tag-frauen-europas"],"_links":{"self":[{"href":"https:\/\/blogs.fu-berlin.de\/bibliotheken\/wp-json\/wp\/v2\/posts\/23035","targetHints":{"allow":["GET"]}}],"collection":[{"href":"https:\/\/blogs.fu-berlin.de\/bibliotheken\/wp-json\/wp\/v2\/posts"}],"about":[{"href":"https:\/\/blogs.fu-berlin.de\/bibliotheken\/wp-json\/wp\/v2\/types\/post"}],"author":[{"embeddable":true,"href":"https:\/\/blogs.fu-berlin.de\/bibliotheken\/wp-json\/wp\/v2\/users\/2907"}],"replies":[{"embeddable":true,"href":"https:\/\/blogs.fu-berlin.de\/bibliotheken\/wp-json\/wp\/v2\/comments?post=23035"}],"version-history":[{"count":9,"href":"https:\/\/blogs.fu-berlin.de\/bibliotheken\/wp-json\/wp\/v2\/posts\/23035\/revisions"}],"predecessor-version":[{"id":29330,"href":"https:\/\/blogs.fu-berlin.de\/bibliotheken\/wp-json\/wp\/v2\/posts\/23035\/revisions\/29330"}],"wp:attachment":[{"href":"https:\/\/blogs.fu-berlin.de\/bibliotheken\/wp-json\/wp\/v2\/media?parent=23035"}],"wp:term":[{"taxonomy":"category","embeddable":true,"href":"https:\/\/blogs.fu-berlin.de\/bibliotheken\/wp-json\/wp\/v2\/categories?post=23035"},{"taxonomy":"post_tag","embeddable":true,"href":"https:\/\/blogs.fu-berlin.de\/bibliotheken\/wp-json\/wp\/v2\/tags?post=23035"}],"curies":[{"name":"wp","href":"https:\/\/api.w.org\/{rel}","templated":true}]}}