{"id":23063,"date":"2018-05-10T08:52:38","date_gmt":"2018-05-10T07:52:38","guid":{"rendered":"https:\/\/blogs.fu-berlin.de\/bibliotheken\/?p=23063"},"modified":"2021-09-14T10:28:40","modified_gmt":"2021-09-14T09:28:40","slug":"23063","status":"publish","type":"post","link":"https:\/\/blogs.fu-berlin.de\/bibliotheken\/2018\/05\/10\/23063\/","title":{"rendered":"Dag Hammarskj\u00f6ld and the United Nations &#8211; Past, Presence and Future"},"content":{"rendered":"\n<p><em><span class=\"has-inline-color has-bright-red-color\">Der Betrieb des \u201eDokumentationszentrums UN \u2013 EU\u201c wird eingestellt. Die entsprechende Literatur bleibt im Bestand und ist weiterhin zug\u00e4nglich.<\/span><\/em><\/p>\n\n\n<p>Die <a href=\"https:\/\/dgvn.de\/\">Deutsche Gesellschaft f\u00fcr die Vereinten Nationen e.V. (DGVN)<\/a> und die <a href=\"https:\/\/www.swedenabroad.se\/de\/botschaften\/deutschland-berlin\/\">Schwedische Botschaft in Deutschland<\/a> laden am 16. Mai 2018, um 17:30 Uhr&nbsp; (Registrierung ab 17:00) zu einer <strong>englischsprachigen<\/strong> Veranstaltung &#8222;<a href=\"http:\/\/www.dgvn.de\/fileadmin\/user_upload\/BILDER\/bilder_veranstaltungen\/2018\/Dag_Hammarskj%C3%B6ld_and_the_UN_-_Past__Presence_and_Future.pdf\">Dag Hammarskj\u00f6ld and the United Nations &#8211; Past, Presence and Future<\/a>&#8220; in die Schwedische Botschaft in Berlin ein.<\/p>\n<p><span lang=\"de\">Die Veranstaltung wird sich mit der Geschichte, den Herausforderungen und Zukunftsperspektiven der Vereinten Nationen befassen. Neben der Vorstellung einer neuen Biografie \u00fcber den verstorbenen Generalsekret\u00e4r Dag Hammarskj\u00f6ld, geht es in der Diskussion vor allem um die Vereinten Nationen von heute und morgen, die schwedische und deutsche Mitgliedschaft im Sicherheitsrat und die Frage der Reform der Vereinten Nationen .<\/span><\/p>\n<p><u>Einf\u00fchrung:<\/u><\/p>\n<ul>\n<li><strong>Alice Bah Kuhnke<\/strong>, Minister for Culture and Democracy, Sweden<\/li>\n<li><strong>Dr. Lisa Heemann<\/strong>, Secretary-General, United Nations Association of Germany<\/li>\n<\/ul>\n<p><u>zu Dag Hammarskj\u00f6ld<\/u><\/p>\n<ul>\n<li><strong>Henrik Berggren<\/strong>, historian, journalist and author of a Dag Hammarskj\u00f6ld biography<\/li>\n<\/ul>\n<p><u>Die Vereinten Nationen &#8211; Vergangenheit und Zukunft:<\/u><\/p>\n<p><strong>Hans Corell<\/strong>, Ambassador (ret.), Former Under-Secretary-General for Legal Affairs and the Legal Counsel of the United Nations<\/p>\n<p><u>Schweden und Deutschland im Sicherheitsrat:<\/u><\/p>\n<ul>\n<li><strong>Sweden in the Security Council 2017-2018<\/strong><strong><br>\nPer Th\u00f6resson<\/strong>, Swedish Ambassador to Germany and former Deputy Permanent Representative of Sweden to the United Nations<\/li>\n<\/ul>\n<ul>\n<li><strong>Germany in the Security Council 2019-2020?<\/strong><strong><br>\nDr. Christophe Eick<\/strong>, Director for Human Rights, International Development and Social Affairs, German Federal Foreign Office<\/li>\n<\/ul>\n<p><u>Podiumsdiskussion:<\/u><\/p>\n<ul>\n<li><strong>Henrik Berggren<\/strong><\/li>\n<li><strong>Hans Corell<\/strong><\/li>\n<li><strong>Per Th\u00f6resson<\/strong><\/li>\n<li><strong>Christophe Eick<\/strong><\/li>\n<li><strong>Prof. Dr. Manuel Fr\u00f6hlich<\/strong>, Trier University<\/li>\n<\/ul>\n<p><u>Moderation<\/u>:<\/p>\n<ul>\n<li><strong>Anja Papenfu\u00df<\/strong>, Head of Press Office Berlin, Friedrich-Ebert-Stiftung<\/li>\n<\/ul>\n<p>Ort: Schwedische Botschaft, Rauchstra\u00dfe 1, 10787 Berlin<\/p>\n<p>F\u00fcr die Veranstaltung m\u00fcssen Sie sich vorab <a href=\"https:\/\/www.dgvn.de\/veranstaltungen\/dag-hammarskjoeld-and-the-united-nations-past-presence-and-future\/\">anmelden<\/a>.<\/p>\n<p><span lang=\"de\">Noch mehr Informationen zur UN und EU bekommen Sie in unserem <a href=\"https:\/\/www.fu-berlin.de\/sites\/ub\/ueber-uns\/un-eu\/index.html\">Dokumentationszentrum&nbsp;UN-EU<\/a>.<\/span><\/p>","protected":false},"excerpt":{"rendered":"<p>Der Betrieb des \u201eDokumentationszentrums UN \u2013 EU\u201c wird eingestellt. Die entsprechende Literatur bleibt im Bestand und ist weiterhin zug\u00e4nglich. Die Deutsche Gesellschaft f\u00fcr die Vereinten Nationen e.V. (DGVN) und die Schwedische Botschaft in Deutschland laden am 16. Mai 2018, um 17:30 Uhr&nbsp; (Registrierung ab 17:00) zu einer englischsprachigen Veranstaltung &#8222;Dag Hammarskj\u00f6ld and the United Nations &hellip; <a href=\"https:\/\/blogs.fu-berlin.de\/bibliotheken\/2018\/05\/10\/23063\/\" class=\"more-link\"><span class=\"screen-reader-text\">\u201eDag Hammarskj\u00f6ld and the United Nations &#8211; Past, Presence and Future\u201c<\/span> weiterlesen<\/a><\/p>\n","protected":false},"author":2907,"featured_media":0,"comment_status":"open","ping_status":"open","sticky":false,"template":"","format":"standard","meta":{"footnotes":""},"categories":[70],"tags":[218372,57510,2458,218373,218374,12086],"class_list":["post-23063","post","type-post","status-publish","format-standard","hentry","category-veranstaltungen","tag-dag-hammarskjoeld","tag-dgvn","tag-dokumentationszentrum-un-eu","tag-schwedische-botschaft","tag-sicherheitsrat","tag-vereinte-nationen"],"_links":{"self":[{"href":"https:\/\/blogs.fu-berlin.de\/bibliotheken\/wp-json\/wp\/v2\/posts\/23063","targetHints":{"allow":["GET"]}}],"collection":[{"href":"https:\/\/blogs.fu-berlin.de\/bibliotheken\/wp-json\/wp\/v2\/posts"}],"about":[{"href":"https:\/\/blogs.fu-berlin.de\/bibliotheken\/wp-json\/wp\/v2\/types\/post"}],"author":[{"embeddable":true,"href":"https:\/\/blogs.fu-berlin.de\/bibliotheken\/wp-json\/wp\/v2\/users\/2907"}],"replies":[{"embeddable":true,"href":"https:\/\/blogs.fu-berlin.de\/bibliotheken\/wp-json\/wp\/v2\/comments?post=23063"}],"version-history":[{"count":7,"href":"https:\/\/blogs.fu-berlin.de\/bibliotheken\/wp-json\/wp\/v2\/posts\/23063\/revisions"}],"predecessor-version":[{"id":29328,"href":"https:\/\/blogs.fu-berlin.de\/bibliotheken\/wp-json\/wp\/v2\/posts\/23063\/revisions\/29328"}],"wp:attachment":[{"href":"https:\/\/blogs.fu-berlin.de\/bibliotheken\/wp-json\/wp\/v2\/media?parent=23063"}],"wp:term":[{"taxonomy":"category","embeddable":true,"href":"https:\/\/blogs.fu-berlin.de\/bibliotheken\/wp-json\/wp\/v2\/categories?post=23063"},{"taxonomy":"post_tag","embeddable":true,"href":"https:\/\/blogs.fu-berlin.de\/bibliotheken\/wp-json\/wp\/v2\/tags?post=23063"}],"curies":[{"name":"wp","href":"https:\/\/api.w.org\/{rel}","templated":true}]}}