{"id":23140,"date":"2018-05-14T14:48:53","date_gmt":"2018-05-14T13:48:53","guid":{"rendered":"https:\/\/blogs.fu-berlin.de\/bibliotheken\/?p=23140"},"modified":"2018-05-15T10:10:11","modified_gmt":"2018-05-15T09:10:11","slug":"warnstreik-der-studentischen-beschaeftigten-betrifft-oeffnungszeiten-der-bibliotheken","status":"publish","type":"post","link":"https:\/\/blogs.fu-berlin.de\/bibliotheken\/2018\/05\/14\/warnstreik-der-studentischen-beschaeftigten-betrifft-oeffnungszeiten-der-bibliotheken\/","title":{"rendered":"Warnstreik der studentischen Besch\u00e4ftigten betrifft \u00d6ffnungszeiten der Bibliotheken"},"content":{"rendered":"<p>In dieser Woche kommt es erneut zu <a href=\"https:\/\/www.gew-berlin.de\/249.php\" target=\"_blank\" rel=\"noopener\">Warnstreiks der studentischen Besch\u00e4ftigten<\/a>. Aufgrund dessen wird\u00a0 es am Montag\u00a0 den 14. Mai, Dienstag den 15. Mai und Freitag den 18. Mai 2018 in der Leihstelle der Universit\u00e4tsbibliothek personelle Engp\u00e4sse geben.<\/p>\n<p><strong>Die Leihstelle ist an diesen Tagen nur bis 18 Uhr ge\u00f6ffnet!<\/strong><\/p>\n<hr \/>\n<p>Auch andere Bibliotheken sind betroffen (bitte eventuelle Verk\u00fcrzungen der \u00d6ffnungszeiten auf den Webseiten pr\u00fcfen):<\/p>\n<ul>\n<li>Die Campusbibliothek schlie\u00dft die ganze Woche \u00fcber um 18 Uhr.<\/li>\n<li>Die Philologische Bibliothek schlie\u00dft die ganze Woche \u00fcber um 19 Uhr<\/li>\n<\/ul>\n","protected":false},"excerpt":{"rendered":"<p>In dieser Woche kommt es erneut zu Warnstreiks der studentischen Besch\u00e4ftigten. Aufgrund dessen wird\u00a0 es am Montag\u00a0 den 14. Mai, Dienstag den 15. Mai und Freitag den 18. Mai 2018 in der Leihstelle der Universit\u00e4tsbibliothek personelle Engp\u00e4sse geben. Die Leihstelle ist an diesen Tagen nur bis 18 Uhr ge\u00f6ffnet! Auch andere Bibliotheken sind betroffen (bitte &hellip; <a href=\"https:\/\/blogs.fu-berlin.de\/bibliotheken\/2018\/05\/14\/warnstreik-der-studentischen-beschaeftigten-betrifft-oeffnungszeiten-der-bibliotheken\/\" class=\"more-link\"><span class=\"screen-reader-text\">\u201eWarnstreik der studentischen Besch\u00e4ftigten betrifft \u00d6ffnungszeiten der Bibliotheken\u201c<\/span> weiterlesen<\/a><\/p>\n","protected":false},"author":265,"featured_media":0,"comment_status":"open","ping_status":"open","sticky":false,"template":"","format":"standard","meta":{"footnotes":""},"categories":[9,600,601],"tags":[218397],"class_list":["post-23140","post","type-post","status-publish","format-standard","hentry","category-allgemein","category-fachbibliotheken","category-universitatsbibliothek","tag-warnstreik"],"_links":{"self":[{"href":"https:\/\/blogs.fu-berlin.de\/bibliotheken\/wp-json\/wp\/v2\/posts\/23140","targetHints":{"allow":["GET"]}}],"collection":[{"href":"https:\/\/blogs.fu-berlin.de\/bibliotheken\/wp-json\/wp\/v2\/posts"}],"about":[{"href":"https:\/\/blogs.fu-berlin.de\/bibliotheken\/wp-json\/wp\/v2\/types\/post"}],"author":[{"embeddable":true,"href":"https:\/\/blogs.fu-berlin.de\/bibliotheken\/wp-json\/wp\/v2\/users\/265"}],"replies":[{"embeddable":true,"href":"https:\/\/blogs.fu-berlin.de\/bibliotheken\/wp-json\/wp\/v2\/comments?post=23140"}],"version-history":[{"count":5,"href":"https:\/\/blogs.fu-berlin.de\/bibliotheken\/wp-json\/wp\/v2\/posts\/23140\/revisions"}],"predecessor-version":[{"id":23166,"href":"https:\/\/blogs.fu-berlin.de\/bibliotheken\/wp-json\/wp\/v2\/posts\/23140\/revisions\/23166"}],"wp:attachment":[{"href":"https:\/\/blogs.fu-berlin.de\/bibliotheken\/wp-json\/wp\/v2\/media?parent=23140"}],"wp:term":[{"taxonomy":"category","embeddable":true,"href":"https:\/\/blogs.fu-berlin.de\/bibliotheken\/wp-json\/wp\/v2\/categories?post=23140"},{"taxonomy":"post_tag","embeddable":true,"href":"https:\/\/blogs.fu-berlin.de\/bibliotheken\/wp-json\/wp\/v2\/tags?post=23140"}],"curies":[{"name":"wp","href":"https:\/\/api.w.org\/{rel}","templated":true}]}}