{"id":23170,"date":"2018-06-14T11:38:47","date_gmt":"2018-06-14T10:38:47","guid":{"rendered":"https:\/\/blogs.fu-berlin.de\/bibliotheken\/?p=23170"},"modified":"2021-09-14T10:24:39","modified_gmt":"2021-09-14T09:24:39","slug":"datenschutzregeln-der-eu-was-die-neuen-eu-regeln-fuer-die-buerger-bedeuten","status":"publish","type":"post","link":"https:\/\/blogs.fu-berlin.de\/bibliotheken\/2018\/06\/14\/datenschutzregeln-der-eu-was-die-neuen-eu-regeln-fuer-die-buerger-bedeuten\/","title":{"rendered":"Datenschutzregeln der EU &#8211; was die neuen EU-Regeln f\u00fcr die B\u00fcrger bedeuten"},"content":{"rendered":"\n<p><em><span class=\"has-inline-color has-bright-red-color\">Der Betrieb des \u201eDokumentationszentrums UN \u2013 EU\u201c wird eingestellt. Die entsprechende Literatur bleibt im Bestand und ist weiterhin zug\u00e4nglich.<\/span><\/em><\/p>\n\n\n<p>Die &#8222;Verordnung des Europ\u00e4ischen Parlaments und des Rates zum Schutz nat\u00fcrlicher Personen bei der Verarbeitung personenbezogener Daten, zum freien Datenverkehr und zur Aufhebung der Richtlinie 95\/46\/EG&#8220; &#8211; kurz <a href=\"http:\/\/eur-lex.europa.eu\/legal-content\/DE\/TXT\/HTML\/?uri=CELEX:32016R0679&amp;from=DE\">DSGVO<\/a> (englisch: <em>General Data Protection Regulation = GDPR<\/em>) &#8211; findet seit dem 25. Mai 2018 EU-weit Anwendung. Sie ersetzt eine Richtlinie aus dem Jahr 1995 und soll den Datenschutz in der EU vereinheitlichen und ins Internetzeitalter bef\u00f6rdern. Die Verordnung gilt f\u00fcr alle gleicherma\u00dfen z.B. regelt sie wie Unternehmen, Beh\u00f6rden aber auch Vereine, Schulen, private Blogger und Betreiber von kleinen Homepages mit personenbezogenen Daten umgehen m\u00fcssen. Die DSGVO ist kein totaler Neuanfang, sie baut vielmehr auf bestehenden Richtlinie auf und ber\u00fccksichtig nationale Gesetze, wie das deutschen <a href=\"https:\/\/www.gesetze-im-internet.de\/bdsg_1990\/\">Bundesdatenschutzgesetz<\/a>, als auch das Datenschutzrechte der <a href=\"http:\/\/www.europarl.europa.eu\/germany\/resource\/static\/files\/europa_grundrechtecharta\/_30.03.2010.pdf\">EU-Grundrechtscharta<\/a> (Art. 8).<\/p>\n<p>Die DSGVO befasst sich vor allem mit 3 Themen: Wirtschaft, Technik, Verbraucher. So sollen veraltete EU-Richtlinie durch technikneutrale Reglung ersetzt werden. F\u00fcr die Verbraucher wird geregelt&nbsp;wie viele Daten \u00fcber jeden einzelnen erhoben, verarbeitet, weiterverarbeitet und kommerzialisiert werden d\u00fcrfen und regelt neue Auskunfts-, L\u00f6sch- und Widerspruchsrechte. Sie nimmt Firmen bei Datenpannen oder Hackerangriffen mehr in die Pflicht und versch\u00e4rft die Auskunftspflicht der Firmen. Die Privatsph\u00e4re muss schon bei der Entwicklung eines Produktes ber\u00fccksichtigt werden, wie auch bei den Voreinstellungen.<\/p>\n<p>Die DSGVO betrifft jeden, der personenbezogene Daten verarbeitet, folglich Daten, die sich direkt oder indirekt auf einen identifizierbaren Menschen beziehen lassen, z.B. Namen, Geschlecht, Hautfarbe, Kleidergr\u00f6\u00dfe (wenn sie einem Menschen zugeordnet werden k\u00f6nnen), Autokennzeichen und IP-Adressen (wenn mit legalen Mitteln eine dazugeh\u00f6rige Person ermittelt werden kann). Besonderes Augenmerk liegt auf Firmen und Online-Diensten f\u00fcr Kinder und Jugendliche \u2013 bei Nutzern unter 16 Jahren brauchen sie das Einverst\u00e4ndnis der Eltern oder m\u00fcssen auf das Speichern von Daten verzichten. Ausgenommen davon sind Daten von Strafverfolgungs- und Justizbeh\u00f6rden, hier gilt die <a href=\"http:\/\/db.eurocrim.org\/db\/de\/doc\/2480.pdf\">EU-Richtlinie f\u00fcr den Datenschutz bei Polizei und Justiz<\/a>.<\/p>\n<p>F\u00fcr den Internetnutzer werden sich die \u00c4nderungen vor allem in den \u00fcberarbeiteten Datenschutzrichtlinien und Allgemeinen Gesch\u00e4ftsbedingungen (AGB) niederschlagen. Gleichzeitig hat jeder B\u00fcrger nun das Recht&nbsp;bei Unternehmen anzufragen, welche personenbezogenen Daten diese speichern und muss innerhalb eines Monats eine Antwort erhalten (Verl\u00e4ngerungen bis auf 3 Monate sind m\u00f6glich).<\/p>\n<p>F\u00fcr Betreiber von Webseiten und Blogs hei\u00dft es nun: die Webseite DSGVO-fit machen; Plug-ins von Drittanbieter pr\u00fcfen, ggf. nicht dringen ben\u00f6tigte l\u00f6schen; Social Media Buttens z.B. Facebook, Google und Twitter (\u00fcbertragen pers\u00f6nliche Daten) \u00fcberpr\u00fcfen &#8211; was nicht gebraucht wird ggf. l\u00f6schen; eine DSGVO konforme Datenschutzerkl\u00e4rungen einstellen; bei nicht selbstgehosteten Angeboten bedarf es einer <a href=\"https:\/\/www.gdd.de\/gdd-arbeitshilfen\/praxishilfen-ds-gvo\/praxishilfen-ds-gvo\">Auftragsverarbeitungs-Vereinbarung<\/a>, die mit dem Host-Provider abgeschlossen werden muss; ein <a href=\"https:\/\/www.bfdi.bund.de\/DE\/Datenschutz\/DatenschutzGVO\/Aktuelles\/Aktuelles_Artikel\/Muster_Verzeichnis_Verarbeitungstaetigkeiten.html\">Verzeichnis<\/a> der <a href=\"https:\/\/www.bfdi.bund.de\/SharedDocs\/Downloads\/DE\/Datenschutz\/Hinweise_Verarbeitungstaetigkeiten.pdf?__blob=publicationFile&amp;v=2\">Verarbeitungst\u00e4tigkeiten<\/a> rund um die Webseite sollte erstellt werden.<\/p>\n<p>Kontrolliert wird die Einhaltung der Verordnung von den jeweiligen Aufsichtsbeh\u00f6rden der EU-Staaten. In Deutschland sind hierf\u00fcr die Datenschutzbeh\u00f6rden der Bundesl\u00e4nder und die <a href=\"https:\/\/www.bfdi.bund.de\/DE\/Home\/home_node.html\">Bundesdatenschutzbeauftragte<\/a>, <a href=\"https:\/\/www.bfdi.bund.de\/DE\/BfDI\/bfdi-node.html\">Andrea Vo\u00dfhoff<\/a>, zust\u00e4ndig. Bei Nichteinhaltung der DSGVO drohen Sanktionen. Die Datenschutzbeh\u00f6rde kann Verwarnungen und Fristen zur Behebung aussprechen, aber auch die Berichtigung, Einschr\u00e4nkung der Nutzung oder L\u00f6schung von personenbezogenen Daten beschlie\u00dfen und ggf. eine Zertifizierung wieder entziehen. Je nach Schwere des Versto\u00dfes kann sie Bu\u00dfgelder in Millionenh\u00f6he verh\u00e4ngen \u2013 bei Tech-Unternehmen bis zu 4% des weltweiten Umsatzes des vorangegangenen Gesch\u00e4ftsjahres.<\/p>\n<p>Nat\u00fcrlich gibt es auch Kritik an der DSGVO. Firmen, die ausschlie\u00dflich mit personenbezogenen Daten arbeiten, die sich in ihrer Existenz bzw. der Existenz des Gesch\u00e4ftsmodells bedroht f\u00fchlen. Von kleinen Unternehmen die sich einer Rechtsunsicherheit ausgesetzt sehen und Anw\u00e4lten, die den zu gro\u00dfen Spielraum in der DSGVO kritisieren. Experten warnen vor Abmahnwellen, so mancher f\u00fcrchtet eine \u00dcberregulierung und Datensch\u00fctzer, dass die DSGVO gar keine Verbesserung ist, im Vergelich zum Bundesdatenschutzgesetz.<\/p>\n<p>Noch mehr Informationen zur EU bekommen Sie in unserem <a href=\"https:\/\/www.ub.fu-berlin.de\/bibliothek\/uneu\/\">Dokumentationszentrum UN-EU<\/a>.<\/p>","protected":false},"excerpt":{"rendered":"<p>Der Betrieb des \u201eDokumentationszentrums UN \u2013 EU\u201c wird eingestellt. Die entsprechende Literatur bleibt im Bestand und ist weiterhin zug\u00e4nglich. Die &#8222;Verordnung des Europ\u00e4ischen Parlaments und des Rates zum Schutz nat\u00fcrlicher Personen bei der Verarbeitung personenbezogener Daten, zum freien Datenverkehr und zur Aufhebung der Richtlinie 95\/46\/EG&#8220; &#8211; kurz DSGVO (englisch: General Data Protection Regulation = GDPR) &hellip; <a href=\"https:\/\/blogs.fu-berlin.de\/bibliotheken\/2018\/06\/14\/datenschutzregeln-der-eu-was-die-neuen-eu-regeln-fuer-die-buerger-bedeuten\/\" class=\"more-link\"><span class=\"screen-reader-text\">\u201eDatenschutzregeln der EU &#8211; was die neuen EU-Regeln f\u00fcr die B\u00fcrger bedeuten\u201c<\/span> weiterlesen<\/a><\/p>\n","protected":false},"author":2907,"featured_media":0,"comment_status":"open","ping_status":"open","sticky":false,"template":"","format":"standard","meta":{"footnotes":""},"categories":[9],"tags":[218411,218412,218406,218405,218410,2458,218408,218407,218409],"class_list":["post-23170","post","type-post","status-publish","format-standard","hentry","category-allgemein","tag-allgemeine-geschaftsbedingungen","tag-bundesdatenschutzbeauftragte","tag-bundesdatenschutzgesetz","tag-datenschutzregeln-der-eu","tag-datenschutzrichtlinien","tag-dokumentationszentrum-un-eu","tag-dsgvo","tag-eu-grundrechtscharta","tag-eu-richtlinien-fuer-den-datenschutz-bei-polizei-und-justiz"],"_links":{"self":[{"href":"https:\/\/blogs.fu-berlin.de\/bibliotheken\/wp-json\/wp\/v2\/posts\/23170","targetHints":{"allow":["GET"]}}],"collection":[{"href":"https:\/\/blogs.fu-berlin.de\/bibliotheken\/wp-json\/wp\/v2\/posts"}],"about":[{"href":"https:\/\/blogs.fu-berlin.de\/bibliotheken\/wp-json\/wp\/v2\/types\/post"}],"author":[{"embeddable":true,"href":"https:\/\/blogs.fu-berlin.de\/bibliotheken\/wp-json\/wp\/v2\/users\/2907"}],"replies":[{"embeddable":true,"href":"https:\/\/blogs.fu-berlin.de\/bibliotheken\/wp-json\/wp\/v2\/comments?post=23170"}],"version-history":[{"count":7,"href":"https:\/\/blogs.fu-berlin.de\/bibliotheken\/wp-json\/wp\/v2\/posts\/23170\/revisions"}],"predecessor-version":[{"id":29312,"href":"https:\/\/blogs.fu-berlin.de\/bibliotheken\/wp-json\/wp\/v2\/posts\/23170\/revisions\/29312"}],"wp:attachment":[{"href":"https:\/\/blogs.fu-berlin.de\/bibliotheken\/wp-json\/wp\/v2\/media?parent=23170"}],"wp:term":[{"taxonomy":"category","embeddable":true,"href":"https:\/\/blogs.fu-berlin.de\/bibliotheken\/wp-json\/wp\/v2\/categories?post=23170"},{"taxonomy":"post_tag","embeddable":true,"href":"https:\/\/blogs.fu-berlin.de\/bibliotheken\/wp-json\/wp\/v2\/tags?post=23170"}],"curies":[{"name":"wp","href":"https:\/\/api.w.org\/{rel}","templated":true}]}}