{"id":232,"date":"2009-03-13T17:12:14","date_gmt":"2009-03-13T16:12:14","guid":{"rendered":"https:\/\/blogs.fu-berlin.de\/bibliotheken\/?p=232"},"modified":"2009-05-06T16:53:04","modified_gmt":"2009-05-06T15:53:04","slug":"neu-die-ub-bloggt-2","status":"publish","type":"post","link":"https:\/\/blogs.fu-berlin.de\/bibliotheken\/2009\/03\/13\/neu-die-ub-bloggt-2\/","title":{"rendered":"Hurra &#8211; wir bloggen!"},"content":{"rendered":"<p>Kaum zu glauben, aber wahr &#8230; die Bibliotheken der Freien Universit\u00e4t Berlin trauen sich tats\u00e4chlich an die sogenannte Bibliothek 2.0 heran. Nach der M\u00f6glichkeit RSS-Feeds auf der UB-Homepage oder Neuerwerbungslisten aus dem FU-Katalog zu abonnieren, haben wir jetzt auch ein Blog, bei dem die UB und die Fachbibliotheken zusammenarbeiten.<br \/>\nWas wollen wir damit erreichen? Nun, zuerst Informationen modern verpackt an hoffentlich viele Nutzer\/innen weitergeben. Da w\u00e4ren zuerst Informationen zu Datenbanken, E-B\u00fcchern usw. in der Digitalen Bibliothek. Hier \u00e4ndert sich ja st\u00e4ndig etwas.<br \/>\nEin Blog kann Bibliotheksnutzer\/innen wie auch Bibliothekar\/inn\/en helfen, uptodate zu bleiben. Aber auch Backgroundinfos \u00fcber die UB, die Fachbibliotheken, oder Trends und Interessantes aus dem Bibliothekswesen wollen wir bloggen. Daf\u00fcr k\u00f6nnen wir auf Spezialist\/inn\/en aus der UB und demn\u00e4chst auch aus den Fachbibliotheken als Autor\/inn\/en zur\u00fcckgreifen &#8211; und auch das ein oder andere Thema aus dem Internet herausfischen.<br \/>\nUnd wir w\u00fcnschen uns Kommunikation mit unseren Nutzer\/inn\/en, deren Sicht der Dinge uns interessiert. Also &#8211; sagen Sie uns die Meinung! Wenn Sie irgendwo der Schuh dr\u00fcckt &#8211; dann machen Sie doch mal einen Themenvorschlag an <a href=\"mailto:www@ub.fu-berlin.de\">www@ub.fu-berlin.de<\/a> !<\/p>\n<p>\u00dcbrigens &#8211; was sind eigentlich Blogs?<br \/>\nDas erkl\u00e4rt &#8222;Blogs in Plain English&#8220;, ein Commoncraft-Video auf YouTube zum Anschauen:<\/p>\n<p align=\"right\"><object width=\"340\" height=\"285\"><param name=\"movie\" value=\"https:\/\/www.youtube.com\/v\/NN2I1pWXjXI&amp;hl=de&amp;fs=1&amp;rel=0&amp;color1=0x2b405b&amp;color2=0x6b8ab6&amp;border=1\"><\/param><param name=\"allowFullScreen\" value=\"true\"><\/param><param name=\"allowscriptaccess\" value=\"always\"><\/param><embed src=\"https:\/\/www.youtube.com\/v\/NN2I1pWXjXI&amp;hl=de&amp;fs=1&amp;rel=0&amp;color1=0x2b405b&amp;color2=0x6b8ab6&amp;border=1\" type=\"application\/x-shockwave-flash\" width=\"340\" height=\"285\"><\/embed><\/object><\/p>\n","protected":false},"excerpt":{"rendered":"<p>Kaum zu glauben, aber wahr &#8230; die Bibliotheken der Freien Universit\u00e4t Berlin trauen sich tats\u00e4chlich an die sogenannte Bibliothek 2.0 heran. Nach der M\u00f6glichkeit RSS-Feeds auf der UB-Homepage oder Neuerwerbungslisten aus dem FU-Katalog zu abonnieren, haben wir jetzt auch ein Blog, bei dem die UB und die Fachbibliotheken zusammenarbeiten. Was wollen wir damit erreichen? Nun, &hellip; <a href=\"https:\/\/blogs.fu-berlin.de\/bibliotheken\/2009\/03\/13\/neu-die-ub-bloggt-2\/\" class=\"more-link\"><span class=\"screen-reader-text\">\u201eHurra &#8211; wir bloggen!\u201c<\/span> weiterlesen<\/a><\/p>\n","protected":false},"author":265,"featured_media":0,"comment_status":"open","ping_status":"open","sticky":false,"template":"","format":"standard","meta":{"footnotes":""},"categories":[9,600,601],"tags":[236,57466,57467,233,535,593],"class_list":["post-232","post","type-post","status-publish","format-standard","hentry","category-allgemein","category-fachbibliotheken","category-universitatsbibliothek","tag-blog","tag-fachbibliotheken","tag-universitatsbibliothek","tag-video","tag-weblog","tag-youtube"],"_links":{"self":[{"href":"https:\/\/blogs.fu-berlin.de\/bibliotheken\/wp-json\/wp\/v2\/posts\/232","targetHints":{"allow":["GET"]}}],"collection":[{"href":"https:\/\/blogs.fu-berlin.de\/bibliotheken\/wp-json\/wp\/v2\/posts"}],"about":[{"href":"https:\/\/blogs.fu-berlin.de\/bibliotheken\/wp-json\/wp\/v2\/types\/post"}],"author":[{"embeddable":true,"href":"https:\/\/blogs.fu-berlin.de\/bibliotheken\/wp-json\/wp\/v2\/users\/265"}],"replies":[{"embeddable":true,"href":"https:\/\/blogs.fu-berlin.de\/bibliotheken\/wp-json\/wp\/v2\/comments?post=232"}],"version-history":[{"count":24,"href":"https:\/\/blogs.fu-berlin.de\/bibliotheken\/wp-json\/wp\/v2\/posts\/232\/revisions"}],"predecessor-version":[{"id":33670,"href":"https:\/\/blogs.fu-berlin.de\/bibliotheken\/wp-json\/wp\/v2\/posts\/232\/revisions\/33670"}],"wp:attachment":[{"href":"https:\/\/blogs.fu-berlin.de\/bibliotheken\/wp-json\/wp\/v2\/media?parent=232"}],"wp:term":[{"taxonomy":"category","embeddable":true,"href":"https:\/\/blogs.fu-berlin.de\/bibliotheken\/wp-json\/wp\/v2\/categories?post=232"},{"taxonomy":"post_tag","embeddable":true,"href":"https:\/\/blogs.fu-berlin.de\/bibliotheken\/wp-json\/wp\/v2\/tags?post=232"}],"curies":[{"name":"wp","href":"https:\/\/api.w.org\/{rel}","templated":true}]}}