{"id":23264,"date":"2018-05-25T12:00:53","date_gmt":"2018-05-25T11:00:53","guid":{"rendered":"https:\/\/blogs.fu-berlin.de\/bibliotheken\/?p=23264"},"modified":"2021-09-14T10:27:27","modified_gmt":"2021-09-14T09:27:27","slug":"veranstaltungstipps-zum-50-jaehrigen-jubilaeum-der-68er-bewegung","status":"publish","type":"post","link":"https:\/\/blogs.fu-berlin.de\/bibliotheken\/2018\/05\/25\/veranstaltungstipps-zum-50-jaehrigen-jubilaeum-der-68er-bewegung\/","title":{"rendered":"Veranstaltungstipps zum 50-j\u00e4hrigen Jubil\u00e4um der 68er-Bewegung"},"content":{"rendered":"\n<p><em><span class=\"has-inline-color has-bright-red-color\">Der Betrieb des \u201eDokumentationszentrums UN \u2013 EU\u201c wird eingestellt. Die entsprechende Literatur bleibt im Bestand und ist weiterhin zug\u00e4nglich.<\/span><\/em><\/p>\n\n\n<p><figure id=\"attachment_23269\" aria-describedby=\"caption-attachment-23269\" style=\"width: 500px\" class=\"wp-caption alignright\"><img loading=\"lazy\" decoding=\"async\" class=\"wp-image-23269\" src=\"https:\/\/blogs.fu-berlin.de\/bibliotheken\/files\/2018\/05\/17085335691_96f656e05c_o-300x224.jpg\" alt=\"\" width=\"500\" height=\"373\" srcset=\"https:\/\/blogs.fu-berlin.de\/bibliotheken\/files\/2018\/05\/17085335691_96f656e05c_o-300x224.jpg 300w, https:\/\/blogs.fu-berlin.de\/bibliotheken\/files\/2018\/05\/17085335691_96f656e05c_o.jpg 1024w\" sizes=\"auto, (max-width: 500px) 85vw, 500px\" \/><figcaption id=\"caption-attachment-23269\" class=\"wp-caption-text\">CC BY-SA 2.0 &#8211; Quelle: https:\/\/flic.kr\/p\/s2LP4i \/ Stiftung Haus der Geschichte der Bundesrepublik Deutschland<\/figcaption><\/figure><\/p>\n<p>Nicht nur f\u00fcr die Freie Universit\u00e4t Berlin war <a href=\"https:\/\/de.wikipedia.org\/wiki\/1968\">1968<\/a> ein wichtiges und bewegtes Jahr. In Berlin, Deutschland und Europa war so einiges los. 50 Jahre danach erinnern und reflektieren einige Veranstaltungen an diese richtungsweisende Zeit des Protestes:<\/p>\n<h3>Montag, 28. Mai, 18:30 Uhr: <a href=\"http:\/\/www.geisteswissenschaften.fu-berlin.de\/frankreichzentrum\/termine\/18_table_ronde_paris_berlin_68.html\">Table Ronde: Paris \/ Berlin &#8217;68 \u2013 Aktionsraum Universit\u00e4t<\/a><\/h3>\n<p>Aus deutsch-franz\u00f6sischer Perspektive diskutieren die franz\u00f6sische Germanistin und Kulturwissenschaftlerin Prof. Dr. Marie-Claire Hoock-Demarle von der Universit\u00e9 Paris Diderot und der Historiker Prof. Dr. Paul Nolte von der Freien Universit\u00e4t \u00fcber die Studentenproteste vor 50 Jahren und deren Folgen. Moderiert wird die Veranstaltung vom Historiker und Journalist Sven Felix Kellerhoff.<\/p>\n<p>Freie Universit\u00e4t Berlin | Seminarzentrum | Raum L 116 | Habelschwerdter Allee 45 | 14195 Berlin<br>\nWeitere Informationen gibt es <a href=\"http:\/\/www.geisteswissenschaften.fu-berlin.de\/frankreichzentrum\/termine\/18_table_ronde_paris_berlin_68.html\">hier<\/a><\/p>\n<h3>Dienstag, 5. Juni, 18:00 Uhr: <a href=\"https:\/\/www.deutsche-gesellschaft-ev.de\/veranstaltungen\/diskussionsreihen\/748-2018-diskussionsreihe-1968.html\">Das doppelte 1968. Hoffnung \u2013 Aufbruch \u2013 Protest<\/a>, Diskussionsreihe Teil 3: <a href=\"https:\/\/www.deutsche-gesellschaft-ev.de\/images\/pdf\/2018\/2018-pb-diskussionsreihe-1968\/3-VA-EK_1968.pdf\">Gelenkter Protest? SED, Stasi und Studentenbewegung<\/a><\/h3>\n<p>Gleich eine ganze Diskussionsreihe zum Thema 1968 bieten partnerschaftlich die <a href=\"http:\/\/www.bundesstiftung-aufarbeitung.de\/\">Bundesstiftung zur Aufarbeitung der SED-Diktatur<\/a>, der <a href=\"https:\/\/www.berlin.de\/aufarbeitung\/\">Beauftragte zur Aufarbeitung der SED-Diktatur <\/a>und die <a href=\"https:\/\/www.deutsche-gesellschaft-ev.de\">Deutsche Gesellschaft e.V.<\/a> Im Mittelpunkt der Diskussionsreihe steht das Jahr 1968 in Alltag, Kultur und Gesellschaft in Ost und West.<\/p>\n<p>Bundesstiftung zur Aufarbeitung der SED-Diktatur | Kronenstr. 5 | 10117 Berlin<br>\nWeitere Informationen zu weiteren Terminen finden Sie <a href=\"https:\/\/www.deutsche-gesellschaft-ev.de\/veranstaltungen\/diskussionsreihen\/748-2018-diskussionsreihe-1968.html\">hier<\/a><\/p>\n<h3>Samstag, 9. Juni, ab 17:00 Uhr: <a href=\"https:\/\/www.langenachtderwissenschaften.de\/\">Lange Nacht der Wissenschaften<\/a>: <a href=\"http:\/\/lndw18.de\/programmpunkt\/26748\">O-T\u00f6ne \u201968 \u2013 50 Jahre Studentenbewegung<\/a><\/h3>\n<p>Studierende des Master-Studiengangs Public History zeigen zur Langen Nacht der Wissenschaften an Multimedia-Stationen die Ergebnisse Ihres Semesterprojekts und legen dabei den Schwerpunkt auf der Rolle der Freien Universit\u00e4t Berlin in der \u201968-Studentenbewegung.<\/p>\n<p>Freie Universit\u00e4t Berlin | K27, Flurbereich, Silberlaube | Fabeckstra\u00dfe 25 | 14195 Berlin<br>\nWeitere Infos und Tickets zur Langen Nacht finden sich <a href=\"https:\/\/www.langenachtderwissenschaften.de\/index.php?article_id=533\">hier<\/a><\/p>\n<h3>Samstag, 9. Juni, ab 17:00 Uhr: <a href=\"https:\/\/www.langenachtderwissenschaften.de\/\">Lange Nacht der Wissenschaften<\/a>: <a href=\"http:\/\/lndw18.de\/programmpunkt\/26751\">Geschichte zum Anfassen: Spurensuche im Archiv<\/a><\/h3>\n<p>Das <a href=\"https:\/\/www.fu-berlin.de\/sites\/uniarchiv\/index.html\">Universit\u00e4tsarchiv<\/a> beherbergt u.a. das <a href=\"https:\/\/www.fu-berlin.de\/sites\/uniarchiv\/bestaende\/abteilung5\/index.html\">APO-Archiv<\/a> und ist damit eine unverzichtbare Quelle zu Studien zur Au\u00dferparlamentarischen Opposition bzw. der Studentenbewegung in Deutschland. Zur Langen Nacht der Wissenschaften bietet das Universit\u00e4tsarchiv Mitmachkurse an, die Einblicke in die Arbeit eines Archivs sowie in die Geschichte der Freien Universit\u00e4t erm\u00f6glichen.<\/p>\n<p>Freie Universit\u00e4t Berlin | EG, Haus L| Malteserstra\u00dfe 74\u2212100, 12249 Berlin<br>\nWeitere Infos und Tickets zur Langen Nacht finden sich <a href=\"https:\/\/www.langenachtderwissenschaften.de\/index.php?article_id=533\">hier<\/a><\/p>\n<h3>Dienstag, 19. Juni, 18:30 Uhr: <a href=\"https:\/\/www.fu-berlin.de\/sites\/ub\/ueber-uns\/un-eu\/veranstaltungen\/BED-9\/index.html\">9. Berliner Europa-Dialog: 1968 \u2013 ein europ\u00e4isches Jahr?<\/a><\/h3>\n<p>Kann man das Jahr 1968 als \u201eeurop\u00e4isches\u201c Jahr bezeichnen? Wie erkl\u00e4rt sich der aktuelle Kampf um die Deutungshoheit der Chiffre \u201e1968\u201c gerade angesichts wachsender nationaler und populistischer Stimmungen? Sind Parallelen dieses europ\u00e4ischen oder gar transnationalen Ph\u00e4nomens zu heute zu erkennen? Oder kann die derzeitige Politikverdrossenheit zu einer politischen Mobilisierung f\u00fchren? Und wie k\u00f6nnte die Europ\u00e4ische Union in der Zukunft davon profitieren? Diese Fragen und weitere reflektieren die Podiumsg\u00e4ste des Berliner Europa-Dialogs.<\/p>\n<p>Freie Universit\u00e4t Berlin | Henry-Ford-Bau, H\u00f6rsaal A | Garystra\u00dfe 35 | 14195 Berlin<br>\nWeitere Infos <a href=\"https:\/\/www.fu-berlin.de\/sites\/ub\/ueber-uns\/un-eu\/veranstaltungen\/BED-9\/index.html\">hier<\/a><\/p>\n<h3>Noch bis 7.10.2018: <a href=\"https:\/\/www.hdg.de\/museum-in-der-kulturbrauerei\/ausstellungen\/die-68er-fotografien-von-ludwig-binder-und-jim-rakete\/\">Die 68er. Fotografien von Ludwig Binder und Jim Rakete<\/a><\/h3>\n<p>Im <a href=\"https:\/\/www.hdg.de\/museum-in-der-kulturbrauerei\/\">Museum in der Kulturbrauerei<\/a> der <a href=\"https:\/\/www.hdg.de\/\">Stiftung Haus der Geschichte der Bundesrepublik Deutschland<\/a> k\u00f6nnen Sie sich noch bis Oktober die Ausstellung der Fotografien von <a href=\"https:\/\/de.wikipedia.org\/wiki\/Ludwig_Binder_(Fotograf)\">Ludwig Binder<\/a> und <a href=\"https:\/\/de.wikipedia.org\/wiki\/Jim_Rakete\">Jim Rakete<\/a> ansehen. Es werden Binders <a href=\"https:\/\/www.flickr.com\/photos\/132468467@N06\/sets\/72157651767368156\/\">Fotografien aus den &#8217;68ern<\/a> gezeigt. Diese werden zusammen gezeigt mit Fotografien Jim Raketes, der 50 Jahre sp\u00e4ter prominente Akteure der Bewegung ins Bild gesetzt hat.<\/p>\n<p>Museum in der Kulturbrauerei | Knaackstr. 97 | 10435 Berlin &nbsp; &nbsp; &nbsp; &nbsp; &nbsp; &nbsp; &nbsp;&nbsp;&nbsp;&nbsp;&nbsp;&nbsp;&nbsp;&nbsp;&nbsp;&nbsp;&nbsp;&nbsp;&nbsp;&nbsp;&nbsp;&nbsp;&nbsp;&nbsp;&nbsp; Weitere Informationen finden Sie <a href=\"https:\/\/www.hdg.de\/museum-in-der-kulturbrauerei\/ausstellungen\/die-68er-fotografien-von-ludwig-binder-und-jim-rakete\/\">hier<\/a><\/p>\n<p>Die Zeit zwischen den Veranstaltungen k\u00f6nnen Sie mit Lekt\u00fcre f\u00fcllen. Publikationen zum Thema &#8217;68 finden Sie in unserem Discovery System <a href=\"https:\/\/fu-berlin.hosted.exlibrisgroup.com\/primo-explore\/search?query=%3Dsub,contains,achtundsechziger,AND&amp;tab=fub_local&amp;search_scope=FUBkat&amp;sortby=rank&amp;vid=FUB&amp;lang=de_DE&amp;mode=advanced\">hier<\/a><\/p>\n<p>Noch mehr Informationen zur EU bekommen Sie in unserem <a href=\"https:\/\/www.ub.fu-berlin.de\/bibliothek\/uneu\/\">Dokumentationszentrum UN-EU<\/a>.<\/p>","protected":false},"excerpt":{"rendered":"<p>Der Betrieb des \u201eDokumentationszentrums UN \u2013 EU\u201c wird eingestellt. Die entsprechende Literatur bleibt im Bestand und ist weiterhin zug\u00e4nglich. Nicht nur f\u00fcr die Freie Universit\u00e4t Berlin war 1968 ein wichtiges und bewegtes Jahr. In Berlin, Deutschland und Europa war so einiges los. 50 Jahre danach erinnern und reflektieren einige Veranstaltungen an diese richtungsweisende Zeit des &hellip; <a href=\"https:\/\/blogs.fu-berlin.de\/bibliotheken\/2018\/05\/25\/veranstaltungstipps-zum-50-jaehrigen-jubilaeum-der-68er-bewegung\/\" class=\"more-link\"><span class=\"screen-reader-text\">\u201eVeranstaltungstipps zum 50-j\u00e4hrigen Jubil\u00e4um der 68er-Bewegung\u201c<\/span> weiterlesen<\/a><\/p>\n","protected":false},"author":3230,"featured_media":0,"comment_status":"open","ping_status":"open","sticky":false,"template":"","format":"standard","meta":{"footnotes":""},"categories":[604,70],"tags":[1479,218420,581,2458,74,218338,8773,2102],"class_list":["post-23264","post","type-post","status-publish","format-standard","hentry","category-ins-netz-geschaut","category-veranstaltungen","tag-1479","tag-68er","tag-ausstellung","tag-dokumentationszentrum-un-eu","tag-freie-universitat-berlin","tag-lange-nacht-der-wissenschaften-2018","tag-studentenbewegung","tag-veranstaltung"],"_links":{"self":[{"href":"https:\/\/blogs.fu-berlin.de\/bibliotheken\/wp-json\/wp\/v2\/posts\/23264","targetHints":{"allow":["GET"]}}],"collection":[{"href":"https:\/\/blogs.fu-berlin.de\/bibliotheken\/wp-json\/wp\/v2\/posts"}],"about":[{"href":"https:\/\/blogs.fu-berlin.de\/bibliotheken\/wp-json\/wp\/v2\/types\/post"}],"author":[{"embeddable":true,"href":"https:\/\/blogs.fu-berlin.de\/bibliotheken\/wp-json\/wp\/v2\/users\/3230"}],"replies":[{"embeddable":true,"href":"https:\/\/blogs.fu-berlin.de\/bibliotheken\/wp-json\/wp\/v2\/comments?post=23264"}],"version-history":[{"count":9,"href":"https:\/\/blogs.fu-berlin.de\/bibliotheken\/wp-json\/wp\/v2\/posts\/23264\/revisions"}],"predecessor-version":[{"id":29322,"href":"https:\/\/blogs.fu-berlin.de\/bibliotheken\/wp-json\/wp\/v2\/posts\/23264\/revisions\/29322"}],"wp:attachment":[{"href":"https:\/\/blogs.fu-berlin.de\/bibliotheken\/wp-json\/wp\/v2\/media?parent=23264"}],"wp:term":[{"taxonomy":"category","embeddable":true,"href":"https:\/\/blogs.fu-berlin.de\/bibliotheken\/wp-json\/wp\/v2\/categories?post=23264"},{"taxonomy":"post_tag","embeddable":true,"href":"https:\/\/blogs.fu-berlin.de\/bibliotheken\/wp-json\/wp\/v2\/tags?post=23264"}],"curies":[{"name":"wp","href":"https:\/\/api.w.org\/{rel}","templated":true}]}}