{"id":23280,"date":"2018-06-01T08:33:02","date_gmt":"2018-06-01T07:33:02","guid":{"rendered":"https:\/\/blogs.fu-berlin.de\/bibliotheken\/?p=23280"},"modified":"2021-09-14T10:26:32","modified_gmt":"2021-09-14T09:26:32","slug":"podiumsdiskussion-recht","status":"publish","type":"post","link":"https:\/\/blogs.fu-berlin.de\/bibliotheken\/2018\/06\/01\/podiumsdiskussion-recht\/","title":{"rendered":"Podiumsdiskussion: Recht und Sicherheit Global &#8211; Politische und v\u00f6lkerrechtliche Aspekte einer Mitgliedschaft Deutschlands im UN-Sicherheitsrat"},"content":{"rendered":"\n<p><em><span class=\"has-inline-color has-bright-red-color\">Der Betrieb des \u201eDokumentationszentrums UN \u2013 EU\u201c wird eingestellt. Die entsprechende Literatur bleibt im Bestand und ist weiterhin zug\u00e4nglich.<\/span><\/em><\/p>\n\n\n<p>Liebe Leserinnen und Leser, die Kolleg-Forschergruppe &#8222;The International Rule of Law &#8211; Rise or Decline?&#8220; l\u00e4dt Sie am Montag, den 4. Juni 2018 um 18:15 Uhr zu einer Podiumsdiskussion mit dem Thema: <em>Recht und Sicherheit Global &#8211; Politische und v\u00f6lkerrechtliche Aspekte einer Mitgliedschaft Deutschlands im UN-Sicherheitsrat <\/em>ein. Die Veranstaltung wird im Senatssaal der Humboldt-Universit\u00e4t zu Berlin stattfinden. Anmelden k\u00f6nnen Sie sich <a href=\"https:\/\/www.eventbrite.de\/e\/recht-und-sicherheit-global-politische-und-volkerrechtliche-aspekte-einer-mitgliedschaft-registrierung-45096818799\">hier<\/a>.<\/p>\n<p>Nachfolgend finden Sie das offizielle Programm f\u00fcr den Abend.<\/p>\n<p><strong>Programm<\/strong><\/p>\n<p><strong>18.15 &#8211; 18.35 Begr\u00fc\u00dfung und Einf\u00fchrung<\/strong><br>\n<em><strong>Prof. Dr. Andreas Zimmermann<\/strong><\/em>, Universit\u00e4t Potsdam, KFG &#8222;International Rule of Law &#8211; Rise or Decline?&#8220;<br>\n<em><strong>Staatssekret\u00e4r a.D. Prof. Dr. Harald Braun<\/strong><\/em>, ehemaliger deutscher UNO-Botschafter<\/p>\n<p><strong>18.35 &#8211; 19.35 Moderierte Podiumsdiskussion<\/strong><br>\nModeration: <em><strong>Dr. Claus Kleber<\/strong><\/em>, ZDF, Redakteur und Moderator<\/p>\n<p>Es diskutieren:<br>\n<strong><em>Botschafter Prof. Dr. h.c. Wolfgang Ischinger<\/em><\/strong>, Hertie School of Governance, Vorsitzender der M\u00fcnchner Sicherheitskonferenz<br>\n<strong><em>Dr. Michael Koch<\/em><\/strong>, Ministerialdirektor Ausw\u00e4rtiges Amt, Leiter der Rechtsabteilung und V\u00f6lkerrechtsberater des Ausw\u00e4rtigen Amts<br>\n<strong><em>Prof. Dr. Andrea Liese<\/em><\/strong>, Universit\u00e4t Potsdam, KFG &#8222;International Rule of Law &#8211; Rise or Decline?&#8220;<br>\n<strong><em>S.E. SHI Mingde<\/em><\/strong>, Botschafter der Volksrepublik China in Berlin &nbsp; &nbsp; &nbsp; &nbsp; &nbsp; &nbsp; &nbsp; &nbsp; &nbsp; &nbsp; &nbsp; &nbsp; &nbsp; &nbsp; &nbsp; &nbsp; &nbsp;&nbsp; &nbsp; &nbsp; &nbsp; &nbsp;&nbsp;&nbsp;&nbsp;&nbsp;&nbsp;&nbsp;&nbsp;&nbsp; <strong><em>S.E. Per Th\u00f6resson<\/em><\/strong>, Botschafter des K\u00f6nigreichs Schweden in Berlin<\/p>\n<p><strong>19.35 &#8211; 19.45 Schlusswort<\/strong><br>\n<em><strong>Prof. Dr. Georg Nolte<\/strong><\/em>, Humboldt-Universit\u00e4t Berlin, KFG &#8222;International Rule of Law &#8211; Rise or Decline?&#8220;<\/p>\n<p>Im Anschluss Empfang im Vorraum<\/p>\n<p>Noch mehr Informationen zur EU bekommen Sie in unserem <a href=\"https:\/\/www.ub.fu-berlin.de\/bibliothek\/uneu\/\">Dokumentationszentrum UN-EU<\/a>.<\/p>","protected":false},"excerpt":{"rendered":"<p>Der Betrieb des \u201eDokumentationszentrums UN \u2013 EU\u201c wird eingestellt. Die entsprechende Literatur bleibt im Bestand und ist weiterhin zug\u00e4nglich. Liebe Leserinnen und Leser, die Kolleg-Forschergruppe &#8222;The International Rule of Law &#8211; Rise or Decline?&#8220; l\u00e4dt Sie am Montag, den 4. Juni 2018 um 18:15 Uhr zu einer Podiumsdiskussion mit dem Thema: Recht und Sicherheit Global &hellip; <a href=\"https:\/\/blogs.fu-berlin.de\/bibliotheken\/2018\/06\/01\/podiumsdiskussion-recht\/\" class=\"more-link\"><span class=\"screen-reader-text\">\u201ePodiumsdiskussion: Recht und Sicherheit Global &#8211; Politische und v\u00f6lkerrechtliche Aspekte einer Mitgliedschaft Deutschlands im UN-Sicherheitsrat\u201c<\/span> weiterlesen<\/a><\/p>\n","protected":false},"author":3230,"featured_media":0,"comment_status":"open","ping_status":"open","sticky":false,"template":"","format":"standard","meta":{"footnotes":""},"categories":[70],"tags":[2458,2460],"class_list":["post-23280","post","type-post","status-publish","format-standard","hentry","category-veranstaltungen","tag-dokumentationszentrum-un-eu","tag-podiumsdiskussion"],"_links":{"self":[{"href":"https:\/\/blogs.fu-berlin.de\/bibliotheken\/wp-json\/wp\/v2\/posts\/23280","targetHints":{"allow":["GET"]}}],"collection":[{"href":"https:\/\/blogs.fu-berlin.de\/bibliotheken\/wp-json\/wp\/v2\/posts"}],"about":[{"href":"https:\/\/blogs.fu-berlin.de\/bibliotheken\/wp-json\/wp\/v2\/types\/post"}],"author":[{"embeddable":true,"href":"https:\/\/blogs.fu-berlin.de\/bibliotheken\/wp-json\/wp\/v2\/users\/3230"}],"replies":[{"embeddable":true,"href":"https:\/\/blogs.fu-berlin.de\/bibliotheken\/wp-json\/wp\/v2\/comments?post=23280"}],"version-history":[{"count":5,"href":"https:\/\/blogs.fu-berlin.de\/bibliotheken\/wp-json\/wp\/v2\/posts\/23280\/revisions"}],"predecessor-version":[{"id":29318,"href":"https:\/\/blogs.fu-berlin.de\/bibliotheken\/wp-json\/wp\/v2\/posts\/23280\/revisions\/29318"}],"wp:attachment":[{"href":"https:\/\/blogs.fu-berlin.de\/bibliotheken\/wp-json\/wp\/v2\/media?parent=23280"}],"wp:term":[{"taxonomy":"category","embeddable":true,"href":"https:\/\/blogs.fu-berlin.de\/bibliotheken\/wp-json\/wp\/v2\/categories?post=23280"},{"taxonomy":"post_tag","embeddable":true,"href":"https:\/\/blogs.fu-berlin.de\/bibliotheken\/wp-json\/wp\/v2\/tags?post=23280"}],"curies":[{"name":"wp","href":"https:\/\/api.w.org\/{rel}","templated":true}]}}