{"id":23320,"date":"2018-06-19T17:15:19","date_gmt":"2018-06-19T16:15:19","guid":{"rendered":"https:\/\/blogs.fu-berlin.de\/bibliotheken\/?p=23320"},"modified":"2021-09-14T10:24:08","modified_gmt":"2021-09-14T09:24:08","slug":"jetzt-im-live-stream-berliner-europa-dialog-1968-ein-europaeisches-jahr","status":"publish","type":"post","link":"https:\/\/blogs.fu-berlin.de\/bibliotheken\/2018\/06\/19\/jetzt-im-live-stream-berliner-europa-dialog-1968-ein-europaeisches-jahr\/","title":{"rendered":"JETZT IM LIVE-STREAM: Berliner Europa-Dialog \u2013 1968 &#8211; ein europ\u00e4isches Jahr?"},"content":{"rendered":"\n<p><em><span class=\"has-inline-color has-bright-red-color\">Der Betrieb des \u201eDokumentationszentrums UN \u2013 EU\u201c wird eingestellt. Die entsprechende Literatur bleibt im Bestand und ist weiterhin zug\u00e4nglich.<\/span><\/em><\/p>\n\n\n<p>F\u00fcr alle die heute Abend leider nicht an unserer <a href=\"https:\/\/blogs.fu-berlin.de\/bibliotheken\/2018\/06\/12\/berliner-europa-dialog-1968-ein-europaeisches-jahr\/\">Veranstaltung<\/a> teilnehmen k\u00f6nnen, stellen wir Ihnen ab 18:30 Uhr einen <a href=\"https:\/\/www.fu-berlin.de\/sites\/ub\/ueber-uns\/un-eu\/veranstaltungen\/BED-9\/Live-Stream\">Livestream<\/a> zur Verf\u00fcgung.<\/p>\n<p><a href=\"https:\/\/www.fu-berlin.de\/sites\/ub\/ueber-uns\/un-eu\/veranstaltungen\/BED-9\/Live-Stream\">https:\/\/www.fu-berlin.de\/sites\/ub\/ueber-uns\/un-eu\/veranstaltungen\/BED-9\/Live-Stream <\/a><\/p>\n<p>Noch mehr Informationen zur EU bekommen Sie in unserem <a href=\"https:\/\/www.ub.fu-berlin.de\/bibliothek\/uneu\/\">Dokumentationszentrum&nbsp;UN-EU<\/a>.<\/p>","protected":false},"excerpt":{"rendered":"<p>Der Betrieb des \u201eDokumentationszentrums UN \u2013 EU\u201c wird eingestellt. Die entsprechende Literatur bleibt im Bestand und ist weiterhin zug\u00e4nglich. F\u00fcr alle die heute Abend leider nicht an unserer Veranstaltung teilnehmen k\u00f6nnen, stellen wir Ihnen ab 18:30 Uhr einen Livestream zur Verf\u00fcgung. https:\/\/www.fu-berlin.de\/sites\/ub\/ueber-uns\/un-eu\/veranstaltungen\/BED-9\/Live-Stream Noch mehr Informationen zur EU bekommen Sie in unserem Dokumentationszentrum&nbsp;UN-EU.<\/p>\n","protected":false},"author":3230,"featured_media":0,"comment_status":"open","ping_status":"open","sticky":false,"template":"","format":"standard","meta":{"footnotes":""},"categories":[9,70],"tags":[218420,56901,2458,1977,2460,8773],"class_list":["post-23320","post","type-post","status-publish","format-standard","hentry","category-allgemein","category-veranstaltungen","tag-68er","tag-berliner-europa-dialog","tag-dokumentationszentrum-un-eu","tag-europaische-union","tag-podiumsdiskussion","tag-studentenbewegung"],"_links":{"self":[{"href":"https:\/\/blogs.fu-berlin.de\/bibliotheken\/wp-json\/wp\/v2\/posts\/23320","targetHints":{"allow":["GET"]}}],"collection":[{"href":"https:\/\/blogs.fu-berlin.de\/bibliotheken\/wp-json\/wp\/v2\/posts"}],"about":[{"href":"https:\/\/blogs.fu-berlin.de\/bibliotheken\/wp-json\/wp\/v2\/types\/post"}],"author":[{"embeddable":true,"href":"https:\/\/blogs.fu-berlin.de\/bibliotheken\/wp-json\/wp\/v2\/users\/3230"}],"replies":[{"embeddable":true,"href":"https:\/\/blogs.fu-berlin.de\/bibliotheken\/wp-json\/wp\/v2\/comments?post=23320"}],"version-history":[{"count":8,"href":"https:\/\/blogs.fu-berlin.de\/bibliotheken\/wp-json\/wp\/v2\/posts\/23320\/revisions"}],"predecessor-version":[{"id":29310,"href":"https:\/\/blogs.fu-berlin.de\/bibliotheken\/wp-json\/wp\/v2\/posts\/23320\/revisions\/29310"}],"wp:attachment":[{"href":"https:\/\/blogs.fu-berlin.de\/bibliotheken\/wp-json\/wp\/v2\/media?parent=23320"}],"wp:term":[{"taxonomy":"category","embeddable":true,"href":"https:\/\/blogs.fu-berlin.de\/bibliotheken\/wp-json\/wp\/v2\/categories?post=23320"},{"taxonomy":"post_tag","embeddable":true,"href":"https:\/\/blogs.fu-berlin.de\/bibliotheken\/wp-json\/wp\/v2\/tags?post=23320"}],"curies":[{"name":"wp","href":"https:\/\/api.w.org\/{rel}","templated":true}]}}