{"id":2346,"date":"2009-08-06T10:38:26","date_gmt":"2009-08-06T09:38:26","guid":{"rendered":"https:\/\/blogs.fu-berlin.de\/bibliotheken\/?p=2346"},"modified":"2009-08-06T10:39:44","modified_gmt":"2009-08-06T09:39:44","slug":"teilumzug-der-lesesale-der-bibliothek-rechtswissenschaft","status":"publish","type":"post","link":"https:\/\/blogs.fu-berlin.de\/bibliotheken\/2009\/08\/06\/teilumzug-der-lesesale-der-bibliothek-rechtswissenschaft\/","title":{"rendered":"Teilumzug der Leses\u00e4le der Bibliothek Rechtswissenschaft im September\/Oktober 2009"},"content":{"rendered":"<p>Die Leses\u00e4le im Erdgeschoss der Bibliothek Rechtswissenschaft in der Van&#8217;t-Hoff-Str. 8 werden nunmehr auch im Innern umgebaut werden. Die Best\u00e4nde und Arbeitspl\u00e4tze dieser Bereiche werden w\u00e4hrend der Umbauma\u00dfnahmen f\u00fcr ca. 1 Jahr in das benachbarte Geb\u00e4ude Van&#8217;t-Hoff-Str. 6, 1. und 2. OG (bisherige Mensa) umziehen.W\u00e4hrend des Umzugs und des Umbaus bleiben die Leses\u00e4le im Obergeschoss der Fachbereichsbibliothek (Arbeitsrecht, Umweltrecht, Steuerrecht, Privat- und Sozialversicherungsrecht) zu den gewohnten Zeiten ge\u00f6ffnet. Lediglich der Gruppenarbeitsraum im ersten Obergeschoss wird f\u00fcr die \u00dcbergangzeit geschlossen bleiben.<\/p>\n<p>Der Umzug wird zum Ende der vorlesungsfreien Zeit des Sommersemesters erfolgen. Derzeit ist der Umzug f\u00fcr die Wochen ab 21. September 2009 geplant und soll innerhalb von 2 &#8211; 3 Wochen abgeschlossen sein. Wir hoffen, dass wir in der Vorbereitungswoche zu den F\u00fchrungen f\u00fcr Erstsemester und zu den F\u00fchrungen f\u00fcr ausw\u00e4rtige Studierende zu Studienbeginn auch bereits durch die Interimsleses\u00e4le in der Van&#8217;t-Hoff-Str. 6 f\u00fchren k\u00f6nnen.<\/p>\n<p>In den Interimsleses\u00e4len in der Van&#8217;t-Hoff-Str. 6 sowie in den Leses\u00e4len im ersten Obergeschoss der Bibliohek werden die gesamten Best\u00e4nde wie bisher an 7 Wochentagen und insgesamt 84 Stunden pro Woche zur Verf\u00fcgung stehen. Lediglich die Zahl der verf\u00fcgbaren Arbeitspl\u00e4tze und die Ausstattung der Interimsleses\u00e4le werden zu Einschr\u00e4nkungen f\u00fchren. Nach der f\u00fcr Oktober 2010 vorgesehenen R\u00fcckkehr der Best\u00e4nde in die renovierten Leses\u00e4le im Erdgeschoss der Van&#8217;t-Hoff-Str. 8 werden wir sie in technisch erneuerten und attraktiven Leses\u00e4len zur Verf\u00fcgung stellen k\u00f6nnen.<\/p>\n<p>Zugleich wird die Cafeteria im Erdgeschoss der Van&#8217;t-Hoff-Str. 6 in eine vegetarische Mensa umgebaut. Lesen Sie hierzu auch den Beitrag in der <a href=\"https:\/\/www.fu-berlin.de\/campusleben\/intern\/2009\/090715_mensa\/index.html\">Online Zeitschrift campus.leben der Freien Universit\u00e4t Berlin<\/a>.<\/p>\n<p>Zum Zeitpunkt des Umzugs werden zudem die Zettelkataloge f\u00fcr eine Katalogkonversion entfernt. Sie werden in den Interimsleses\u00e4len in dieser Form nicht mehr zur Verf\u00fcgung gestellt werden. Sie sollen mittelfristig in einem Scankatalog (IPAC) online nutzbar sein [vgl. den \u00e4hnlichen IPAC der Wirtschaftswissenschaftlichen Bibliothek]. W\u00e4hrend der Konversion werden die Zettelkataloge nicht verf\u00fcgbar sein. Bitte erledigen Sie Ihre Recherchearbeiten daher diesbez\u00fcglich rechtzeitig in der Zeit vor dem Umzug. Im neuen Lesesaal Erdgeschoss Van&#8217;t-Hoff-Str. 8 wird es keine Zettelkataloge mehr geben.<\/p>\n<p>Bei Fragen zum Umzug w\u00e4hrend der Bauma\u00dfnahmen und zum Umbau schreiben Sie bitte an <a href=\"mailto:bibliothek@rewiss.fu-berlin.de\">bibliothek@rewiss.fu-berlin.de<\/a>.<\/p>\n","protected":false},"excerpt":{"rendered":"<p>Die Leses\u00e4le im Erdgeschoss der Bibliothek Rechtswissenschaft in der Van&#8217;t-Hoff-Str. 8 werden nunmehr auch im Innern umgebaut werden. Die Best\u00e4nde und Arbeitspl\u00e4tze dieser Bereiche werden w\u00e4hrend der Umbauma\u00dfnahmen f\u00fcr ca. 1 Jahr in das benachbarte Geb\u00e4ude Van&#8217;t-Hoff-Str. 6, 1. und 2. OG (bisherige Mensa) umziehen.W\u00e4hrend des Umzugs und des Umbaus bleiben die Leses\u00e4le im Obergeschoss &hellip; <a href=\"https:\/\/blogs.fu-berlin.de\/bibliotheken\/2009\/08\/06\/teilumzug-der-lesesale-der-bibliothek-rechtswissenschaft\/\" class=\"more-link\"><span class=\"screen-reader-text\">\u201eTeilumzug der Leses\u00e4le der Bibliothek Rechtswissenschaft im September\/Oktober 2009\u201c<\/span> weiterlesen<\/a><\/p>\n","protected":false},"author":79,"featured_media":0,"comment_status":"open","ping_status":"open","sticky":false,"template":"","format":"standard","meta":{"footnotes":""},"categories":[600],"tags":[946,778],"class_list":["post-2346","post","type-post","status-publish","format-standard","hentry","category-fachbibliotheken","tag-fachbibliothek-rechtswissenschaften","tag-umzug"],"_links":{"self":[{"href":"https:\/\/blogs.fu-berlin.de\/bibliotheken\/wp-json\/wp\/v2\/posts\/2346","targetHints":{"allow":["GET"]}}],"collection":[{"href":"https:\/\/blogs.fu-berlin.de\/bibliotheken\/wp-json\/wp\/v2\/posts"}],"about":[{"href":"https:\/\/blogs.fu-berlin.de\/bibliotheken\/wp-json\/wp\/v2\/types\/post"}],"author":[{"embeddable":true,"href":"https:\/\/blogs.fu-berlin.de\/bibliotheken\/wp-json\/wp\/v2\/users\/79"}],"replies":[{"embeddable":true,"href":"https:\/\/blogs.fu-berlin.de\/bibliotheken\/wp-json\/wp\/v2\/comments?post=2346"}],"version-history":[{"count":5,"href":"https:\/\/blogs.fu-berlin.de\/bibliotheken\/wp-json\/wp\/v2\/posts\/2346\/revisions"}],"predecessor-version":[{"id":2353,"href":"https:\/\/blogs.fu-berlin.de\/bibliotheken\/wp-json\/wp\/v2\/posts\/2346\/revisions\/2353"}],"wp:attachment":[{"href":"https:\/\/blogs.fu-berlin.de\/bibliotheken\/wp-json\/wp\/v2\/media?parent=2346"}],"wp:term":[{"taxonomy":"category","embeddable":true,"href":"https:\/\/blogs.fu-berlin.de\/bibliotheken\/wp-json\/wp\/v2\/categories?post=2346"},{"taxonomy":"post_tag","embeddable":true,"href":"https:\/\/blogs.fu-berlin.de\/bibliotheken\/wp-json\/wp\/v2\/tags?post=2346"}],"curies":[{"name":"wp","href":"https:\/\/api.w.org\/{rel}","templated":true}]}}