{"id":23476,"date":"2018-07-05T07:37:52","date_gmt":"2018-07-05T06:37:52","guid":{"rendered":"https:\/\/blogs.fu-berlin.de\/bibliotheken\/?p=23476"},"modified":"2021-09-14T08:09:50","modified_gmt":"2021-09-14T07:09:50","slug":"oesterreich-uebernimmt-vorsitz-im-rat-der-europaeischen-union","status":"publish","type":"post","link":"https:\/\/blogs.fu-berlin.de\/bibliotheken\/2018\/07\/05\/oesterreich-uebernimmt-vorsitz-im-rat-der-europaeischen-union\/","title":{"rendered":"\u00d6sterreich \u00fcbernimmt Vorsitz im Rat der Europ\u00e4ischen Union"},"content":{"rendered":"\n<p><em><span class=\"has-inline-color has-bright-red-color\">Der Betrieb des \u201eDokumentationszentrums UN \u2013 EU\u201c wird eingestellt. Die entsprechende Literatur bleibt im Bestand und ist weiterhin zug\u00e4nglich.<\/span><\/em><\/p>\n\n\n<p>\u00d6sterreich \u00fcbernahm am 1. Juli 2018 zum dritten Mal, nach 1998 und 2006, f\u00fcr sechs Monate den Vorsitz im Rat der Europ\u00e4ischen Union. Der Vorsitz steht unter dem Motto \u201e<a href=\"https:\/\/www.eu2018.at\/de\/\">Europa, das sch\u00fctzt<\/a>\u201c.<\/p>\n<p>Seit dem <a href=\"http:\/\/www.europarl.europa.eu\/germany\/de\/die-eu-und-ihre-stimme\/vertrag-von-lissabon\">Vertrag von Lissabon<\/a> erstellen Gruppen von jeweils drei Mitgliedsl\u00e4ndern (\u201eTrioratspr\u00e4sidentschaft\u201c) ein gemeinsames Arbeitsprogramm f\u00fcr 18 Monate. Diese engere Koordinierung \u00fcber einen l\u00e4ngeren Zeitraum soll die Kontinuit\u00e4t der Arbeit des Rates erh\u00f6hen. \u00d6sterreich befindet sich mit Estland (Vorsitz im Rat der EU im 2. Halbjahr 2017) und Bulgarien (Vorsitz im 1. Halbjahr 2018) in einer Trioratspr\u00e4sidentschaft. Das Trioprogramm, welches am 20. Juni 2017 durch den Rat angenommen wurde, basiert auf der \u201e<a href=\"http:\/\/www.consilium.europa.eu\/de\/european-council\/role-setting-eu-political-agenda\/\">Strategischen Agenda f\u00fcr die Union in Zeiten des Wandels<\/a>\u201c des Europ\u00e4ischen Rates vom Juni 2014.<\/p>\n<p>Die wichtigsten Punkte des Trioprogramms sind unter anderem: Umsetzung der Europ\u00e4ischen Sicherheitsagenda sowie der Europ\u00e4ischen Migrationsagenda; Kampf gegen Radikalisierung und gewaltt\u00e4tigen Extremismus; Kooperation mit Partnern im Mittelmeerraum, um Ursachen f\u00fcr Fluchtbewegungen und illegale Migration zu bek\u00e4mpfen; F\u00f6rderung von jungen Menschen (Bildung und Training); weitere Umsetzung der \u201e<a href=\"https:\/\/17ziele.de\/17ziele\">Agenda 2030<\/a>\u201c der Vereinten Nationen zur nachhaltigen Entwicklung; Investitionen in Wachstum und Arbeitspl\u00e4tze, inkl. Forschung und Innovation; Kampf gegen Armut sowie soziale Ausgrenzung; Umsetzung des Pariser Klimaabkommens und der EU 2030 Ziele zur Reduzierung von Treibhausgasen.<\/p>\n<p>Noch mehr Informationen zur EU bekommen Sie in unserem <a href=\"https:\/\/www.ub.fu-berlin.de\/bibliothek\/uneu\/\">Dokumentationszentrum UN-EU<\/a>.<\/p>","protected":false},"excerpt":{"rendered":"<p>Der Betrieb des \u201eDokumentationszentrums UN \u2013 EU\u201c wird eingestellt. Die entsprechende Literatur bleibt im Bestand und ist weiterhin zug\u00e4nglich. \u00d6sterreich \u00fcbernahm am 1. Juli 2018 zum dritten Mal, nach 1998 und 2006, f\u00fcr sechs Monate den Vorsitz im Rat der Europ\u00e4ischen Union. Der Vorsitz steht unter dem Motto \u201eEuropa, das sch\u00fctzt\u201c. Seit dem Vertrag von &hellip; <a href=\"https:\/\/blogs.fu-berlin.de\/bibliotheken\/2018\/07\/05\/oesterreich-uebernimmt-vorsitz-im-rat-der-europaeischen-union\/\" class=\"more-link\"><span class=\"screen-reader-text\">\u201e\u00d6sterreich \u00fcbernimmt Vorsitz im Rat der Europ\u00e4ischen Union\u201c<\/span> weiterlesen<\/a><\/p>\n","protected":false},"author":3230,"featured_media":0,"comment_status":"open","ping_status":"open","sticky":false,"template":"","format":"standard","meta":{"footnotes":""},"categories":[9],"tags":[2458,1977,187960],"class_list":["post-23476","post","type-post","status-publish","format-standard","hentry","category-allgemein","tag-dokumentationszentrum-un-eu","tag-europaische-union","tag-rat-der-europaeischen-union"],"_links":{"self":[{"href":"https:\/\/blogs.fu-berlin.de\/bibliotheken\/wp-json\/wp\/v2\/posts\/23476","targetHints":{"allow":["GET"]}}],"collection":[{"href":"https:\/\/blogs.fu-berlin.de\/bibliotheken\/wp-json\/wp\/v2\/posts"}],"about":[{"href":"https:\/\/blogs.fu-berlin.de\/bibliotheken\/wp-json\/wp\/v2\/types\/post"}],"author":[{"embeddable":true,"href":"https:\/\/blogs.fu-berlin.de\/bibliotheken\/wp-json\/wp\/v2\/users\/3230"}],"replies":[{"embeddable":true,"href":"https:\/\/blogs.fu-berlin.de\/bibliotheken\/wp-json\/wp\/v2\/comments?post=23476"}],"version-history":[{"count":5,"href":"https:\/\/blogs.fu-berlin.de\/bibliotheken\/wp-json\/wp\/v2\/posts\/23476\/revisions"}],"predecessor-version":[{"id":29304,"href":"https:\/\/blogs.fu-berlin.de\/bibliotheken\/wp-json\/wp\/v2\/posts\/23476\/revisions\/29304"}],"wp:attachment":[{"href":"https:\/\/blogs.fu-berlin.de\/bibliotheken\/wp-json\/wp\/v2\/media?parent=23476"}],"wp:term":[{"taxonomy":"category","embeddable":true,"href":"https:\/\/blogs.fu-berlin.de\/bibliotheken\/wp-json\/wp\/v2\/categories?post=23476"},{"taxonomy":"post_tag","embeddable":true,"href":"https:\/\/blogs.fu-berlin.de\/bibliotheken\/wp-json\/wp\/v2\/tags?post=23476"}],"curies":[{"name":"wp","href":"https:\/\/api.w.org\/{rel}","templated":true}]}}