{"id":23479,"date":"2018-07-12T12:12:04","date_gmt":"2018-07-12T11:12:04","guid":{"rendered":"https:\/\/blogs.fu-berlin.de\/bibliotheken\/?p=23479"},"modified":"2021-09-14T08:08:59","modified_gmt":"2021-09-14T07:08:59","slug":"europaeischer-nachhaltigkeitspreis-2018","status":"publish","type":"post","link":"https:\/\/blogs.fu-berlin.de\/bibliotheken\/2018\/07\/12\/europaeischer-nachhaltigkeitspreis-2018\/","title":{"rendered":"Europ\u00e4ischer Nachhaltigkeitspreis 2018"},"content":{"rendered":"\n<p><em><span class=\"has-inline-color has-bright-red-color\">Der Betrieb des \u201eDokumentationszentrums UN \u2013 EU\u201c wird eingestellt. Die entsprechende Literatur bleibt im Bestand und ist weiterhin zug\u00e4nglich.<\/span><\/em><\/p>\n\n\n<p>Zum ersten Mal lobt die Europ\u00e4ische Kommission einen Europ\u00e4ischen Nachhaltigkeitspreis aus.&nbsp; Damit soll der Einsatz und die Kreativit\u00e4t europ\u00e4ischer B\u00fcrgerinnen und B\u00fcrger, Unternehmen und Organisationen im Bereich <a href=\"https:\/\/ec.europa.eu\/info\/strategy\/international-strategies\/global-topics\/sustainable-development-goals\/eu-approach-sustainable-development_de\">Nachhaltigkeit<\/a> honoriert werden<\/p>\n<p>Das etwas sperrig klingende Thema lautet: &#8222;Bef\u00e4higung der Menschen und Gew\u00e4hrleistung von Inklusion und Gleichheit&#8220;.<\/p>\n<p>In vier Kategorien:<\/p>\n<ul>\n<li>Jugend<\/li>\n<li>\u00f6ffentliche Einrichtungen<\/li>\n<li>private Einrichtungen<\/li>\n<li>Zivilgesellschaft<\/li>\n<\/ul>\n<p>sollen inspirierende Initiativen bekannt gemacht werden, mit denen die globalen Ziele f\u00fcr nachhaltige Entwicklung in konkrete L\u00f6sungen und Chancen umgesetzt werden k\u00f6nnen.<\/p>\n<p>Der Preis ist rein ideell und wird im Fr\u00fchjahr 2019 vom Ersten Vizepr\u00e4sidenten der Europ\u00e4ischen Kommission, Frans Timmermans, und Vizepr\u00e4sident Jyrki Katainen anl\u00e4sslich einer feierlichen Veranstaltung bekannt gegeben.<\/p>\n<p>Die Bewerbungsfrist endet am 14. September 2018 &#8211;&nbsp;<a href=\"https:\/\/ec.europa.eu\/info\/files\/european-sustainability-award-rules-contest_de\">Anmeldung zum Wettbewerb<\/a>.<\/p>\n<p>Fragen zum Nachhaltigkeitspreis richten Sie bitte an das Generalsekretariat: <a href=\"mailto:SG-STAKEHOLDERPLATFORM-SDG@ec.europa.eu\">SG-STAKEHOLDERPLATFORM-SDG@ec.europa.eu<\/a>.<\/p>\n<p>Noch mehr Informationen zur EU bekommen Sie in unserem <a href=\"https:\/\/www.ub.fu-berlin.de\/bibliothek\/uneu\/\">Dokumentationszentrum UN-EU<\/a>.<\/p>","protected":false},"excerpt":{"rendered":"<p>Der Betrieb des \u201eDokumentationszentrums UN \u2013 EU\u201c wird eingestellt. Die entsprechende Literatur bleibt im Bestand und ist weiterhin zug\u00e4nglich. Zum ersten Mal lobt die Europ\u00e4ische Kommission einen Europ\u00e4ischen Nachhaltigkeitspreis aus.&nbsp; Damit soll der Einsatz und die Kreativit\u00e4t europ\u00e4ischer B\u00fcrgerinnen und B\u00fcrger, Unternehmen und Organisationen im Bereich Nachhaltigkeit honoriert werden Das etwas sperrig klingende Thema lautet: &hellip; <a href=\"https:\/\/blogs.fu-berlin.de\/bibliotheken\/2018\/07\/12\/europaeischer-nachhaltigkeitspreis-2018\/\" class=\"more-link\"><span class=\"screen-reader-text\">\u201eEurop\u00e4ischer Nachhaltigkeitspreis 2018\u201c<\/span> weiterlesen<\/a><\/p>\n","protected":false},"author":2907,"featured_media":0,"comment_status":"open","ping_status":"open","sticky":false,"template":"","format":"standard","meta":{"footnotes":""},"categories":[9],"tags":[56945,218431,218433,218432],"class_list":["post-23479","post","type-post","status-publish","format-standard","hentry","category-allgemein","tag-europaeische-kommission","tag-europaeischen-nachhaltigkeitspreis","tag-gleichheit","tag-inklusion"],"_links":{"self":[{"href":"https:\/\/blogs.fu-berlin.de\/bibliotheken\/wp-json\/wp\/v2\/posts\/23479","targetHints":{"allow":["GET"]}}],"collection":[{"href":"https:\/\/blogs.fu-berlin.de\/bibliotheken\/wp-json\/wp\/v2\/posts"}],"about":[{"href":"https:\/\/blogs.fu-berlin.de\/bibliotheken\/wp-json\/wp\/v2\/types\/post"}],"author":[{"embeddable":true,"href":"https:\/\/blogs.fu-berlin.de\/bibliotheken\/wp-json\/wp\/v2\/users\/2907"}],"replies":[{"embeddable":true,"href":"https:\/\/blogs.fu-berlin.de\/bibliotheken\/wp-json\/wp\/v2\/comments?post=23479"}],"version-history":[{"count":6,"href":"https:\/\/blogs.fu-berlin.de\/bibliotheken\/wp-json\/wp\/v2\/posts\/23479\/revisions"}],"predecessor-version":[{"id":29300,"href":"https:\/\/blogs.fu-berlin.de\/bibliotheken\/wp-json\/wp\/v2\/posts\/23479\/revisions\/29300"}],"wp:attachment":[{"href":"https:\/\/blogs.fu-berlin.de\/bibliotheken\/wp-json\/wp\/v2\/media?parent=23479"}],"wp:term":[{"taxonomy":"category","embeddable":true,"href":"https:\/\/blogs.fu-berlin.de\/bibliotheken\/wp-json\/wp\/v2\/categories?post=23479"},{"taxonomy":"post_tag","embeddable":true,"href":"https:\/\/blogs.fu-berlin.de\/bibliotheken\/wp-json\/wp\/v2\/tags?post=23479"}],"curies":[{"name":"wp","href":"https:\/\/api.w.org\/{rel}","templated":true}]}}