{"id":23485,"date":"2018-07-09T13:18:35","date_gmt":"2018-07-09T12:18:35","guid":{"rendered":"https:\/\/blogs.fu-berlin.de\/bibliotheken\/?p=23485"},"modified":"2021-09-14T08:09:26","modified_gmt":"2021-09-14T07:09:26","slug":"umfrage-der-eu-kommission-zum-thema-sommerzeit-winterzeit","status":"publish","type":"post","link":"https:\/\/blogs.fu-berlin.de\/bibliotheken\/2018\/07\/09\/umfrage-der-eu-kommission-zum-thema-sommerzeit-winterzeit\/","title":{"rendered":"Umfrage der EU-Kommission zum Thema Sommerzeit \/ Winterzeit"},"content":{"rendered":"\n<p><em><span class=\"has-inline-color has-bright-red-color\">Der Betrieb des \u201eDokumentationszentrums UN \u2013 EU\u201c wird eingestellt. Die entsprechende Literatur bleibt im Bestand und ist weiterhin zug\u00e4nglich.<\/span><\/em><\/p>\n\n\n<p><figure id=\"attachment_22968\" aria-describedby=\"caption-attachment-22968\" style=\"width: 300px\" class=\"wp-caption alignright\"><img loading=\"lazy\" decoding=\"async\" class=\"size-medium wp-image-22968\" src=\"https:\/\/blogs.fu-berlin.de\/bibliotheken\/files\/2018\/04\/flag-2313980_1280-300x200.png\" alt=\"\" width=\"300\" height=\"200\" srcset=\"https:\/\/blogs.fu-berlin.de\/bibliotheken\/files\/2018\/04\/flag-2313980_1280-300x200.png 300w, https:\/\/blogs.fu-berlin.de\/bibliotheken\/files\/2018\/04\/flag-2313980_1280-1200x802.png 1200w, https:\/\/blogs.fu-berlin.de\/bibliotheken\/files\/2018\/04\/flag-2313980_1280.png 1280w\" sizes=\"auto, (max-width: 300px) 85vw, 300px\" \/><figcaption id=\"caption-attachment-22968\" class=\"wp-caption-text\">Quelle: pixabay.com \u2013 CC0 License<\/figcaption><\/figure><\/p>\n<p>Die EU-Kommission hat eine <a href=\"https:\/\/ec.europa.eu\/eusurvey\/runner\/2018-summertime-arrangements?surveylanguage=DE\">Online-Abstimmung<\/a> ins Leben gerufen, mit der ein konkretes Stimmungsbild zum Thema Zeitumstellung (Sommer- und Winterzeit) von B\u00fcrgerinnen und B\u00fcrgern, Unternehmen und Verb\u00e4nden geschaffen werden soll. Die Umfrage ist bis zum 16. August verf\u00fcgbar.<\/p>\n<p>Das Europaparlament hat im Februar 2018 eine <a href=\"http:\/\/www.europarl.europa.eu\/sides\/getDoc.do?pubRef=-\/\/EP\/\/TEXT+TA+P8-TA-2018-0043+0+DOC+XML+V0\/\/DE\">\u00dcberpr\u00fcfung der bisherigen Regelung<\/a> durch die EU-Kommission gefordert, mit Verweis auf Studien, die besagen, dass die <a href=\"https:\/\/www.bundestag.de\/blob\/407624\/d1fa2b547812da531f580ce77f348b4f\/wd-9-044-14-pdf-data.pdf\">Sommerzeit negative Folgen f\u00fcr die Gesundheit der Menschen<\/a> haben k\u00f6nnte. Nun hat die Kommission, auch auf dr\u00e4ngen von Mitgliedsstaaten wie Finnland, die die Abschaffung der Sommerzeit fordern, eine Erhebung gestartet.<\/p>\n<p>In dieser <a href=\"https:\/\/ec.europa.eu\/eusurvey\/runner\/2018-summertime-arrangements?surveylanguage=DE\">Befragung<\/a> haben Sie die M\u00f6glichkeit, f\u00fcr die Beibehaltung der Sommerzeit, oder f\u00fcr ihre Abschaffung in der gesamten Europ\u00e4ischen Union zu stimmen. Die Kommission m\u00f6chte, mit Blick auf den EU-Binnenmarkt, einen Flickenteppich mit unterschiedlichen Regelungen vermeiden. Des weiteren kann eine Pr\u00e4ferenz wie &#8222;st\u00e4ndige Sommerzeit&#8220; oder &#8222;st\u00e4ndige Winterzeit&#8220; abgegeben werden.<\/p>\n<p>Weitere interessante Informationen zu diesem Thema finden Sie <a href=\"https:\/\/ec.europa.eu\/info\/consultations\/2018-summertime-arrangements_de#about-this-consultation\">hier.<\/a><\/p>\n<p>Noch mehr Informationen zur EU bekommen Sie in unserem <a href=\"https:\/\/www.ub.fu-berlin.de\/bibliothek\/uneu\/\">Dokumentationszentrum UN-EU<\/a>.<\/p>","protected":false},"excerpt":{"rendered":"<p>Der Betrieb des \u201eDokumentationszentrums UN \u2013 EU\u201c wird eingestellt. Die entsprechende Literatur bleibt im Bestand und ist weiterhin zug\u00e4nglich. Die EU-Kommission hat eine Online-Abstimmung ins Leben gerufen, mit der ein konkretes Stimmungsbild zum Thema Zeitumstellung (Sommer- und Winterzeit) von B\u00fcrgerinnen und B\u00fcrgern, Unternehmen und Verb\u00e4nden geschaffen werden soll. Die Umfrage ist bis zum 16. August &hellip; <a href=\"https:\/\/blogs.fu-berlin.de\/bibliotheken\/2018\/07\/09\/umfrage-der-eu-kommission-zum-thema-sommerzeit-winterzeit\/\" class=\"more-link\"><span class=\"screen-reader-text\">\u201eUmfrage der EU-Kommission zum Thema Sommerzeit \/ Winterzeit\u201c<\/span> weiterlesen<\/a><\/p>\n","protected":false},"author":3230,"featured_media":0,"comment_status":"open","ping_status":"open","sticky":false,"template":"","format":"standard","meta":{"footnotes":""},"categories":[9,604],"tags":[2458,56945,1977,56944,218434,578,218435,218436],"class_list":["post-23485","post","type-post","status-publish","format-standard","hentry","category-allgemein","category-ins-netz-geschaut","tag-dokumentationszentrum-un-eu","tag-europaeische-kommission","tag-europaische-union","tag-europaeisches-parlament","tag-sommerzeit","tag-umfrage","tag-winterzeit","tag-zeitumstellung"],"_links":{"self":[{"href":"https:\/\/blogs.fu-berlin.de\/bibliotheken\/wp-json\/wp\/v2\/posts\/23485","targetHints":{"allow":["GET"]}}],"collection":[{"href":"https:\/\/blogs.fu-berlin.de\/bibliotheken\/wp-json\/wp\/v2\/posts"}],"about":[{"href":"https:\/\/blogs.fu-berlin.de\/bibliotheken\/wp-json\/wp\/v2\/types\/post"}],"author":[{"embeddable":true,"href":"https:\/\/blogs.fu-berlin.de\/bibliotheken\/wp-json\/wp\/v2\/users\/3230"}],"replies":[{"embeddable":true,"href":"https:\/\/blogs.fu-berlin.de\/bibliotheken\/wp-json\/wp\/v2\/comments?post=23485"}],"version-history":[{"count":6,"href":"https:\/\/blogs.fu-berlin.de\/bibliotheken\/wp-json\/wp\/v2\/posts\/23485\/revisions"}],"predecessor-version":[{"id":29302,"href":"https:\/\/blogs.fu-berlin.de\/bibliotheken\/wp-json\/wp\/v2\/posts\/23485\/revisions\/29302"}],"wp:attachment":[{"href":"https:\/\/blogs.fu-berlin.de\/bibliotheken\/wp-json\/wp\/v2\/media?parent=23485"}],"wp:term":[{"taxonomy":"category","embeddable":true,"href":"https:\/\/blogs.fu-berlin.de\/bibliotheken\/wp-json\/wp\/v2\/categories?post=23485"},{"taxonomy":"post_tag","embeddable":true,"href":"https:\/\/blogs.fu-berlin.de\/bibliotheken\/wp-json\/wp\/v2\/tags?post=23485"}],"curies":[{"name":"wp","href":"https:\/\/api.w.org\/{rel}","templated":true}]}}