{"id":23524,"date":"2018-07-18T14:10:54","date_gmt":"2018-07-18T13:10:54","guid":{"rendered":"https:\/\/blogs.fu-berlin.de\/bibliotheken\/?p=23524"},"modified":"2021-09-16T13:48:56","modified_gmt":"2021-09-16T12:48:56","slug":"internationaler-nelson-mandela-tag-2018","status":"publish","type":"post","link":"https:\/\/blogs.fu-berlin.de\/bibliotheken\/2018\/07\/18\/internationaler-nelson-mandela-tag-2018\/","title":{"rendered":"Internationaler Nelson-Mandela-Tag 2018"},"content":{"rendered":"\n<p><em><span class=\"has-inline-color has-bright-red-color\">Der Betrieb des \u201eDokumentationszentrums UN \u2013 EU\u201c wird eingestellt. Die entsprechende Literatur bleibt im Bestand und ist weiterhin zug\u00e4nglich.<\/span><\/em><\/p>\n\n\n<p><figure id=\"attachment_23532\" aria-describedby=\"caption-attachment-23532\" style=\"width: 300px\" class=\"wp-caption alignright\"><img loading=\"lazy\" decoding=\"async\" class=\"size-medium wp-image-23532\" src=\"https:\/\/blogs.fu-berlin.de\/bibliotheken\/files\/2018\/07\/Social_Media_Mandela_EN-300x300.png\" alt=\"\" width=\"300\" height=\"300\" srcset=\"https:\/\/blogs.fu-berlin.de\/bibliotheken\/files\/2018\/07\/Social_Media_Mandela_EN-300x300.png 300w, https:\/\/blogs.fu-berlin.de\/bibliotheken\/files\/2018\/07\/Social_Media_Mandela_EN-150x150.png 150w, https:\/\/blogs.fu-berlin.de\/bibliotheken\/files\/2018\/07\/Social_Media_Mandela_EN-1200x1205.png 1200w, https:\/\/blogs.fu-berlin.de\/bibliotheken\/files\/2018\/07\/Social_Media_Mandela_EN.png 1804w\" sizes=\"auto, (max-width: 300px) 85vw, 300px\" \/><figcaption id=\"caption-attachment-23532\" class=\"wp-caption-text\">Quelle: http:\/\/www.standup4humanrights.org\/en\/index.html<\/figcaption><\/figure><\/p>\n<p>Heute ist <a href=\"http:\/\/www.un.org\/en\/events\/mandeladay\/index.shtml\">Nelson-Mandela-Tag<\/a>! Der Gedenktag wird seit 2010 am 18. Juli j\u00e4hrlich begangen, dem Geburtstag des s\u00fcdafrikanischen Friedensnobelpreistr\u00e4gers Nelson Mandela.&nbsp; Am <a href=\"http:\/\/undocs.org\/A\/RES\/64\/13\">10. November 2009<\/a> wurde der Gedenktag auf Initiative der Vereinten Nationen durch deren Vollversammlung deklariert &#8211; er soll zum humanit\u00e4ren Verhalten anregen.<\/p>\n<p>Zum diesj\u00e4hrigen Nelson-Mandela-Tag hat der ehemalige Pr\u00e4sident der Vereinigten Staaten, Barack Obama, gestern die&nbsp;Nelson-Mandela-Jahresvorlesung mit dem Thema <a href=\"https:\/\/www.nelsonmandela.org\/content\/page\/annual-lecture-2018\">&#8222;Renewing the Mandela Legacy and Promoting Active Citizenship in a Changing World&#8220;<\/a> vor circa 15.000 Menschen im&nbsp;Bidvest Wanderers Stadium in Johannesburg gehalten (Text-Version in Englisch <a href=\"https:\/\/www.theguardian.com\/us-news\/2018\/jul\/18\/barack-obamas-johannesburg-speech-in-full\">hier<\/a>). Der Vortrag konzentrierte sich auf die Schaffung von Bedingungen f\u00fcr die \u00dcberbr\u00fcckung von Gr\u00e4ben, das Arbeiten \u00fcber ideologische Grenzen hinweg und den Widerstand gegen Unterdr\u00fcckung und Ungleichheit.<\/p>\n<p>Die Nelson-Mandela-Jahresvorlesung wird j\u00e4hrlich in Zusammenarbeit mit der Motsepe-Stiftung abgehalten und ist eines der wichtigsten Programme der Stiftung zu Ehren ihres Gr\u00fcnders Nelson Mandela. Seit 2003 nutzen weltweit f\u00fchrende Pers\u00f6nlichkeiten den Vortrag jedes Jahr, um aktuelle Themen aus S\u00fcdafrika, Afrika und dem Rest der Welt anzusprechen.<\/p>\n<p>Der Nelson-Mandela-Tag 2018 markiert 100 Jahre seit der Geburt von Nelson Mandela (18. Juli 1918). Das hundertj\u00e4hrige Jubil\u00e4um ist eine Gelegenheit, \u00fcber sein Leben und Verm\u00e4chtnis nachzudenken und seinem Ruf zu folgen, &#8222;die Welt zu einem besseren Ort zu machen&#8220;. Die Nelson-Mandela-Stiftung widmet den diesj\u00e4hrigen Mandela-Tag der Aktion gegen die Armut und w\u00fcrdigt damit Nelson Mandelas F\u00fchrungsst\u00e4rke und Hingabe zur Bek\u00e4mpfung der Armut und zur F\u00f6rderung sozialer Gerechtigkeit f\u00fcr alle.<\/p>\n<p>Noch mehr Informationen zur UN bekommen Sie in unserem <a href=\"https:\/\/www.ub.fu-berlin.de\/bibliothek\/uneu\/\">Dokumentationszentrum UN-EU<\/a>.<\/p>","protected":false},"excerpt":{"rendered":"<p>Der Betrieb des \u201eDokumentationszentrums UN \u2013 EU\u201c wird eingestellt. Die entsprechende Literatur bleibt im Bestand und ist weiterhin zug\u00e4nglich. Heute ist Nelson-Mandela-Tag! Der Gedenktag wird seit 2010 am 18. Juli j\u00e4hrlich begangen, dem Geburtstag des s\u00fcdafrikanischen Friedensnobelpreistr\u00e4gers Nelson Mandela.&nbsp; Am 10. November 2009 wurde der Gedenktag auf Initiative der Vereinten Nationen durch deren Vollversammlung deklariert &hellip; <a href=\"https:\/\/blogs.fu-berlin.de\/bibliotheken\/2018\/07\/18\/internationaler-nelson-mandela-tag-2018\/\" class=\"more-link\"><span class=\"screen-reader-text\">\u201eInternationaler Nelson-Mandela-Tag 2018\u201c<\/span> weiterlesen<\/a><\/p>\n","protected":false},"author":3230,"featured_media":0,"comment_status":"open","ping_status":"open","sticky":false,"template":"","format":"standard","meta":{"footnotes":""},"categories":[9],"tags":[2458,1963,1760,1829,12086],"class_list":["post-23524","post","type-post","status-publish","format-standard","hentry","category-allgemein","tag-dokumentationszentrum-un-eu","tag-gedenktag","tag-prasident","tag-sudafrika","tag-vereinte-nationen"],"_links":{"self":[{"href":"https:\/\/blogs.fu-berlin.de\/bibliotheken\/wp-json\/wp\/v2\/posts\/23524","targetHints":{"allow":["GET"]}}],"collection":[{"href":"https:\/\/blogs.fu-berlin.de\/bibliotheken\/wp-json\/wp\/v2\/posts"}],"about":[{"href":"https:\/\/blogs.fu-berlin.de\/bibliotheken\/wp-json\/wp\/v2\/types\/post"}],"author":[{"embeddable":true,"href":"https:\/\/blogs.fu-berlin.de\/bibliotheken\/wp-json\/wp\/v2\/users\/3230"}],"replies":[{"embeddable":true,"href":"https:\/\/blogs.fu-berlin.de\/bibliotheken\/wp-json\/wp\/v2\/comments?post=23524"}],"version-history":[{"count":4,"href":"https:\/\/blogs.fu-berlin.de\/bibliotheken\/wp-json\/wp\/v2\/posts\/23524\/revisions"}],"predecessor-version":[{"id":29657,"href":"https:\/\/blogs.fu-berlin.de\/bibliotheken\/wp-json\/wp\/v2\/posts\/23524\/revisions\/29657"}],"wp:attachment":[{"href":"https:\/\/blogs.fu-berlin.de\/bibliotheken\/wp-json\/wp\/v2\/media?parent=23524"}],"wp:term":[{"taxonomy":"category","embeddable":true,"href":"https:\/\/blogs.fu-berlin.de\/bibliotheken\/wp-json\/wp\/v2\/categories?post=23524"},{"taxonomy":"post_tag","embeddable":true,"href":"https:\/\/blogs.fu-berlin.de\/bibliotheken\/wp-json\/wp\/v2\/tags?post=23524"}],"curies":[{"name":"wp","href":"https:\/\/api.w.org\/{rel}","templated":true}]}}