{"id":23536,"date":"2018-08-06T09:36:34","date_gmt":"2018-08-06T08:36:34","guid":{"rendered":"https:\/\/blogs.fu-berlin.de\/bibliotheken\/?p=23536"},"modified":"2018-08-06T09:36:34","modified_gmt":"2018-08-06T08:36:34","slug":"finissage-zur-reclam-ausstellung-in-der-ub-am-27-august-2018","status":"publish","type":"post","link":"https:\/\/blogs.fu-berlin.de\/bibliotheken\/2018\/08\/06\/finissage-zur-reclam-ausstellung-in-der-ub-am-27-august-2018\/","title":{"rendered":"Finissage zur Reclam-Ausstellung in der UB am 27. August 2018"},"content":{"rendered":"<p>Die letzte Chance, sich die sehenswerte Ausstellung zur Geschichte der Reclam Universal-Bibliothek anzuschauen bietet sich am 27. August 2018 im Foyer der Universit\u00e4tsbibliothek.<\/p>\n<p>Im Rahmen einer Finissage f\u00fcr die am 25. Juni\u00a0 2018 er\u00f6ffnete Ausstellung haben Sie die M\u00f6glichkeit, in den Genuss einer F\u00fchrung seitens des Reclam-Sammlers und Kurators der Ausstellung Dr. Hans-Jochen Marquardt zu kommen.<\/p>\n<p><strong>Adresse:<\/strong> Garystrasse 39, 14195 Berlin<br \/>\n<strong>Zeit:<\/strong> 27. August 2018, 14 Uhr<br \/>\n<strong>Kurator:<\/strong> Dr. Hans-Jochen Marquardt<\/p>\n<p>Die Ausstellung dokumentiert die Produktion von Reclam-B\u00e4ndchen aus der 150j\u00e4hrigen Verlagsgeschichte und zeigt auch weniger bekannte Varianten der Universal-Bibliothek und ihre Nebenreihen, dazu Kataloge, Werbemittel, gebundene Ausgaben und einige Besonderheiten: Reclams tragbare &#8222;Feldb\u00fccherei&#8220;, sogenannte Tarnschriften (Antikriegstexte, verborgen in Reclam-Einb\u00e4nden) oder &#8222;Automaten-B\u00fccher&#8220; sowie eine Wochenend-B\u00fccherei in tropensicherer Blechkassette.<\/p>\n<p>Interessierte sind herzlich eingeladen!<\/p>\n<p>&nbsp;<\/p>\n","protected":false},"excerpt":{"rendered":"<p>Die letzte Chance, sich die sehenswerte Ausstellung zur Geschichte der Reclam Universal-Bibliothek anzuschauen bietet sich am 27. August 2018 im Foyer der Universit\u00e4tsbibliothek. Im Rahmen einer Finissage f\u00fcr die am 25. Juni\u00a0 2018 er\u00f6ffnete Ausstellung haben Sie die M\u00f6glichkeit, in den Genuss einer F\u00fchrung seitens des Reclam-Sammlers und Kurators der Ausstellung Dr. Hans-Jochen Marquardt zu &hellip; <a href=\"https:\/\/blogs.fu-berlin.de\/bibliotheken\/2018\/08\/06\/finissage-zur-reclam-ausstellung-in-der-ub-am-27-august-2018\/\" class=\"more-link\"><span class=\"screen-reader-text\">\u201eFinissage zur Reclam-Ausstellung in der UB am 27. August 2018\u201c<\/span> weiterlesen<\/a><\/p>\n","protected":false},"author":265,"featured_media":23567,"comment_status":"open","ping_status":"open","sticky":false,"template":"","format":"standard","meta":{"footnotes":""},"categories":[601,70],"tags":[218439],"class_list":["post-23536","post","type-post","status-publish","format-standard","has-post-thumbnail","hentry","category-universitatsbibliothek","category-veranstaltungen","tag-ausstellung-reclams-universal-bibliothek"],"_links":{"self":[{"href":"https:\/\/blogs.fu-berlin.de\/bibliotheken\/wp-json\/wp\/v2\/posts\/23536","targetHints":{"allow":["GET"]}}],"collection":[{"href":"https:\/\/blogs.fu-berlin.de\/bibliotheken\/wp-json\/wp\/v2\/posts"}],"about":[{"href":"https:\/\/blogs.fu-berlin.de\/bibliotheken\/wp-json\/wp\/v2\/types\/post"}],"author":[{"embeddable":true,"href":"https:\/\/blogs.fu-berlin.de\/bibliotheken\/wp-json\/wp\/v2\/users\/265"}],"replies":[{"embeddable":true,"href":"https:\/\/blogs.fu-berlin.de\/bibliotheken\/wp-json\/wp\/v2\/comments?post=23536"}],"version-history":[{"count":6,"href":"https:\/\/blogs.fu-berlin.de\/bibliotheken\/wp-json\/wp\/v2\/posts\/23536\/revisions"}],"predecessor-version":[{"id":23572,"href":"https:\/\/blogs.fu-berlin.de\/bibliotheken\/wp-json\/wp\/v2\/posts\/23536\/revisions\/23572"}],"wp:featuredmedia":[{"embeddable":true,"href":"https:\/\/blogs.fu-berlin.de\/bibliotheken\/wp-json\/wp\/v2\/media\/23567"}],"wp:attachment":[{"href":"https:\/\/blogs.fu-berlin.de\/bibliotheken\/wp-json\/wp\/v2\/media?parent=23536"}],"wp:term":[{"taxonomy":"category","embeddable":true,"href":"https:\/\/blogs.fu-berlin.de\/bibliotheken\/wp-json\/wp\/v2\/categories?post=23536"},{"taxonomy":"post_tag","embeddable":true,"href":"https:\/\/blogs.fu-berlin.de\/bibliotheken\/wp-json\/wp\/v2\/tags?post=23536"}],"curies":[{"name":"wp","href":"https:\/\/api.w.org\/{rel}","templated":true}]}}