{"id":23555,"date":"2018-08-02T07:35:56","date_gmt":"2018-08-02T06:35:56","guid":{"rendered":"https:\/\/blogs.fu-berlin.de\/bibliotheken\/?p=23555"},"modified":"2021-09-14T08:07:44","modified_gmt":"2021-09-14T07:07:44","slug":"europaeischer-ideenwettbewerb-und-konferenz-am-12-13-10-in-berlin","status":"publish","type":"post","link":"https:\/\/blogs.fu-berlin.de\/bibliotheken\/2018\/08\/02\/europaeischer-ideenwettbewerb-und-konferenz-am-12-13-10-in-berlin\/","title":{"rendered":"Europ\u00e4ischer Ideenwettbewerb und Konferenz am 12.\/13.10. in Berlin"},"content":{"rendered":"\n<p><em><span class=\"has-inline-color has-bright-red-color\">Der Betrieb des \u201eDokumentationszentrums UN \u2013 EU\u201c wird eingestellt. Die entsprechende Literatur bleibt im Bestand und ist weiterhin zug\u00e4nglich.<\/span><\/em><\/p>\n\n\n<p>Am 12.10. &amp; 13.10 2018 findet in Berlin ein&nbsp;Europ\u00e4ischer Ideenwettbewerb &#8222;<a href=\"https:\/\/gruene-europa.de\/de\/artikel\/news\/young-europeans-lab-your-idea-to-change-europe\/\">Young Europeans Lab &#8211; Your Idea to Change Europe<\/a>&#8220; statt. Bis zum 15. August haben Sie Zeit, Ihre Ideen f\u00fcr einen politischen Wandel in der Europ\u00e4ischen Union einzureichen. Es sind 3 Themenfelder vorgegeben:<\/p>\n<ol>\n<li>Wie wollen wir in Europa nachhaltig wirtschaften?<\/li>\n<li>Was bedeutet und wie geht soziales Europa?<\/li>\n<li>Wie sieht eine gemeinsame Fl\u00fcchtlings- und Migrationspolitik aus, die Humanit\u00e4t und Ordnung verbindet?<\/li>\n<\/ol>\n<p>Unter allen EinsenderInnen wird eine Vorauswahl der \u00fcberzeugendsten Ideen getroffen &#8211; dieser ausgew\u00e4hlte TeilnehmerInnenkreis wird dann zu dem Young Europeans Lab eingeladen und die Anreise- und \u00dcbernachtungskosten werden \u00fcbernommen. Wenn Sie ohne eingereichter Idee mitdiskutieren wollen, k\u00f6nnen Sie sich <a href=\"https:\/\/www.gruene-bundestag.de\/anmeldungen\/online-anmeldungen\/europakonferenz.html\">hier<\/a> daf\u00fcr anmelden.<\/p>\n<p>Alle weiteren Informationen zu der Veranstaltung finden Sie<a href=\"https:\/\/gruene-europa.de\/de\/artikel\/news\/young-europeans-lab-your-idea-to-change-europe\/\"> hier<\/a>.<\/p>\n<p>Noch mehr Informationen zur EU bekommen Sie in unserem <a href=\"https:\/\/www.ub.fu-berlin.de\/bibliothek\/uneu\/\">Dokumentationszentrum UN-EU<\/a>.<\/p>","protected":false},"excerpt":{"rendered":"<p>Der Betrieb des \u201eDokumentationszentrums UN \u2013 EU\u201c wird eingestellt. Die entsprechende Literatur bleibt im Bestand und ist weiterhin zug\u00e4nglich. Am 12.10. &amp; 13.10 2018 findet in Berlin ein&nbsp;Europ\u00e4ischer Ideenwettbewerb &#8222;Young Europeans Lab &#8211; Your Idea to Change Europe&#8220; statt. Bis zum 15. August haben Sie Zeit, Ihre Ideen f\u00fcr einen politischen Wandel in der Europ\u00e4ischen &hellip; <a href=\"https:\/\/blogs.fu-berlin.de\/bibliotheken\/2018\/08\/02\/europaeischer-ideenwettbewerb-und-konferenz-am-12-13-10-in-berlin\/\" class=\"more-link\"><span class=\"screen-reader-text\">\u201eEurop\u00e4ischer Ideenwettbewerb und Konferenz am 12.\/13.10. in Berlin\u201c<\/span> weiterlesen<\/a><\/p>\n","protected":false},"author":3230,"featured_media":0,"comment_status":"open","ping_status":"open","sticky":false,"template":"","format":"standard","meta":{"footnotes":""},"categories":[70],"tags":[2458,218444,1977],"class_list":["post-23555","post","type-post","status-publish","format-standard","hentry","category-veranstaltungen","tag-dokumentationszentrum-un-eu","tag-europagruppe-gruene","tag-europaische-union"],"_links":{"self":[{"href":"https:\/\/blogs.fu-berlin.de\/bibliotheken\/wp-json\/wp\/v2\/posts\/23555","targetHints":{"allow":["GET"]}}],"collection":[{"href":"https:\/\/blogs.fu-berlin.de\/bibliotheken\/wp-json\/wp\/v2\/posts"}],"about":[{"href":"https:\/\/blogs.fu-berlin.de\/bibliotheken\/wp-json\/wp\/v2\/types\/post"}],"author":[{"embeddable":true,"href":"https:\/\/blogs.fu-berlin.de\/bibliotheken\/wp-json\/wp\/v2\/users\/3230"}],"replies":[{"embeddable":true,"href":"https:\/\/blogs.fu-berlin.de\/bibliotheken\/wp-json\/wp\/v2\/comments?post=23555"}],"version-history":[{"count":3,"href":"https:\/\/blogs.fu-berlin.de\/bibliotheken\/wp-json\/wp\/v2\/posts\/23555\/revisions"}],"predecessor-version":[{"id":29296,"href":"https:\/\/blogs.fu-berlin.de\/bibliotheken\/wp-json\/wp\/v2\/posts\/23555\/revisions\/29296"}],"wp:attachment":[{"href":"https:\/\/blogs.fu-berlin.de\/bibliotheken\/wp-json\/wp\/v2\/media?parent=23555"}],"wp:term":[{"taxonomy":"category","embeddable":true,"href":"https:\/\/blogs.fu-berlin.de\/bibliotheken\/wp-json\/wp\/v2\/categories?post=23555"},{"taxonomy":"post_tag","embeddable":true,"href":"https:\/\/blogs.fu-berlin.de\/bibliotheken\/wp-json\/wp\/v2\/tags?post=23555"}],"curies":[{"name":"wp","href":"https:\/\/api.w.org\/{rel}","templated":true}]}}