{"id":23580,"date":"2018-08-09T09:06:18","date_gmt":"2018-08-09T08:06:18","guid":{"rendered":"https:\/\/blogs.fu-berlin.de\/bibliotheken\/?p=23580"},"modified":"2021-09-14T08:07:07","modified_gmt":"2021-09-14T07:07:07","slug":"wo-stehen-die-eu-laender-zur-bekaempfung-des-klimawandels","status":"publish","type":"post","link":"https:\/\/blogs.fu-berlin.de\/bibliotheken\/2018\/08\/09\/wo-stehen-die-eu-laender-zur-bekaempfung-des-klimawandels\/","title":{"rendered":"Wo stehen die EU-L\u00e4nder zur Bek\u00e4mpfung des Klimawandels?"},"content":{"rendered":"\n<p><em><span class=\"has-inline-color has-bright-red-color\">Der Betrieb des \u201eDokumentationszentrums UN \u2013 EU\u201c wird eingestellt. Die entsprechende Literatur bleibt im Bestand und ist weiterhin zug\u00e4nglich.<\/span><\/em><\/p>\n\n\n<p>Das Climate Action Network Europe (CAN) hat k\u00fcrzlich eine Studie zum <a href=\"https:\/\/ec.europa.eu\/clima\/policies\/international\/negotiations\/paris_de\">Pariser Klimaabkommen<\/a> ver\u00f6ffentlich (in Kooperation mit der Europ\u00e4ischen Kommission). In der <a href=\"http:\/\/www.caneurope.org\/docman\/climate-energy-targets\/3357-off-target-ranking-of-eu-countries-ambition-and-progress-in-fighting-climate-change\/file\">Ver\u00f6ffentlichung<\/a> werden die einzelnen Mitgliedsstaaten auf Einhaltung ihrer Ziele \u00fcberpr\u00fcft und eine Rangliste erstellt. Laut CAN tut allerdings kein europ\u00e4isches Land genug, um den Klimawandel wirkungsvoll zu bek\u00e4mpfen oder die CO2-Emissionen zu senken.<\/p>\n<p>W\u00e4hrend Schweden beispielsweise laut Prognosen ihre Klimaziele f\u00fcr 2030 bereits<a href=\"https:\/\/www.euractiv.de\/section\/energie-und-umwelt\/news\/schweden-erreicht-energie-ziel-12-jahre-frueher\/\"> Ende diesen Jahres<\/a> erreichen wird und in der Rangliste ganz oben steht, hinken andere L\u00e4nder hinterher. Deutschland wird seine Ziele f\u00fcr 2020 voraussichtlich verfehlen, insbesondere die Ziele f\u00fcr Emissionsminderung und Energieeffizienz, besagt die <a href=\"http:\/\/www.caneurope.org\/docman\/climate-energy-targets\/3357-off-target-ranking-of-eu-countries-ambition-and-progress-in-fighting-climate-change\/file\">Ver\u00f6ffentlichung.<\/a><\/p>\n<p>Der Europ\u00e4ische Rat und das Parlament haben im Juni sowohl die neue Erneuerbare-Energien-Richtlinie (EER) mit einem Ziel-Anteil von 32 Prozent bis 2030 als rechtlich bindend f\u00fcr die Mitgliedsstaaten verabschiedet, als auch die Energieeffizienzrichtlinie mit einem EU-weiten Ziel von 32,5 Prozent bis 2030 beschlossen. Des weiteren will die EU-Kommission bis Ende des Jahres ihre Null-Emissionsstrategie f\u00fcr 2050 vorstellen.<\/p>\n<p>Noch mehr Informationen zur EU bekommen Sie in unserem <a href=\"https:\/\/www.ub.fu-berlin.de\/bibliothek\/uneu\/\">Dokumentationszentrum UN-EU<\/a>.<\/p>\n<p>&nbsp;<\/p>","protected":false},"excerpt":{"rendered":"<p>Der Betrieb des \u201eDokumentationszentrums UN \u2013 EU\u201c wird eingestellt. Die entsprechende Literatur bleibt im Bestand und ist weiterhin zug\u00e4nglich. Das Climate Action Network Europe (CAN) hat k\u00fcrzlich eine Studie zum Pariser Klimaabkommen ver\u00f6ffentlich (in Kooperation mit der Europ\u00e4ischen Kommission). In der Ver\u00f6ffentlichung werden die einzelnen Mitgliedsstaaten auf Einhaltung ihrer Ziele \u00fcberpr\u00fcft und eine Rangliste erstellt. &hellip; <a href=\"https:\/\/blogs.fu-berlin.de\/bibliotheken\/2018\/08\/09\/wo-stehen-die-eu-laender-zur-bekaempfung-des-klimawandels\/\" class=\"more-link\"><span class=\"screen-reader-text\">\u201eWo stehen die EU-L\u00e4nder zur Bek\u00e4mpfung des Klimawandels?\u201c<\/span> weiterlesen<\/a><\/p>\n","protected":false},"author":3230,"featured_media":0,"comment_status":"open","ping_status":"open","sticky":false,"template":"","format":"standard","meta":{"footnotes":""},"categories":[9],"tags":[2458,56945,1977,2120,2119,196619],"class_list":["post-23580","post","type-post","status-publish","format-standard","hentry","category-allgemein","tag-dokumentationszentrum-un-eu","tag-europaeische-kommission","tag-europaische-union","tag-klimaschutz","tag-klimawandel","tag-pariser-klimaabkommen"],"_links":{"self":[{"href":"https:\/\/blogs.fu-berlin.de\/bibliotheken\/wp-json\/wp\/v2\/posts\/23580","targetHints":{"allow":["GET"]}}],"collection":[{"href":"https:\/\/blogs.fu-berlin.de\/bibliotheken\/wp-json\/wp\/v2\/posts"}],"about":[{"href":"https:\/\/blogs.fu-berlin.de\/bibliotheken\/wp-json\/wp\/v2\/types\/post"}],"author":[{"embeddable":true,"href":"https:\/\/blogs.fu-berlin.de\/bibliotheken\/wp-json\/wp\/v2\/users\/3230"}],"replies":[{"embeddable":true,"href":"https:\/\/blogs.fu-berlin.de\/bibliotheken\/wp-json\/wp\/v2\/comments?post=23580"}],"version-history":[{"count":4,"href":"https:\/\/blogs.fu-berlin.de\/bibliotheken\/wp-json\/wp\/v2\/posts\/23580\/revisions"}],"predecessor-version":[{"id":29294,"href":"https:\/\/blogs.fu-berlin.de\/bibliotheken\/wp-json\/wp\/v2\/posts\/23580\/revisions\/29294"}],"wp:attachment":[{"href":"https:\/\/blogs.fu-berlin.de\/bibliotheken\/wp-json\/wp\/v2\/media?parent=23580"}],"wp:term":[{"taxonomy":"category","embeddable":true,"href":"https:\/\/blogs.fu-berlin.de\/bibliotheken\/wp-json\/wp\/v2\/categories?post=23580"},{"taxonomy":"post_tag","embeddable":true,"href":"https:\/\/blogs.fu-berlin.de\/bibliotheken\/wp-json\/wp\/v2\/tags?post=23580"}],"curies":[{"name":"wp","href":"https:\/\/api.w.org\/{rel}","templated":true}]}}