{"id":23596,"date":"2018-08-16T12:00:50","date_gmt":"2018-08-16T11:00:50","guid":{"rendered":"https:\/\/blogs.fu-berlin.de\/bibliotheken\/?p=23596"},"modified":"2021-09-14T08:06:43","modified_gmt":"2021-09-14T07:06:43","slug":"haltung-oder-enthaltung-deutschlands-profil-im-un-sicherheitsrat","status":"publish","type":"post","link":"https:\/\/blogs.fu-berlin.de\/bibliotheken\/2018\/08\/16\/haltung-oder-enthaltung-deutschlands-profil-im-un-sicherheitsrat\/","title":{"rendered":"Haltung oder Enthaltung? Deutschlands Profil im UN-Sicherheitsrat"},"content":{"rendered":"\n<p><em><span class=\"has-inline-color has-bright-red-color\">Der Betrieb des \u201eDokumentationszentrums UN \u2013 EU\u201c wird eingestellt. Die entsprechende Literatur bleibt im Bestand und ist weiterhin zug\u00e4nglich.<\/span><\/em><\/p>\n\n\n<p>Die Deutsche Gesellschaft f\u00fcr die Vereinten Nationen (<a href=\"https:\/\/www.dgvn.de\/\">DGVN<\/a>) und die Deutsche Atlantische Gesellschaft (<a href=\"https:\/\/ata-dag.de\/\">DAG<\/a>) laden am Mittwoch den 29. August 2018 um 18:30 Uhr zu einer gemeinsamen Veranstaltung: &#8222;<a href=\"http:\/\/www.dgvn.de\/fileadmin\/user_upload\/BILDER\/bilder_veranstaltungen\/2018\/Haltung_oder_Enthaltung_29-08-2018.pdf\">Haltung oder Enthaltung? &#8211; Deutschlands Profil im UN-Sicherheitsrat<\/a>&#8220; mit anschlie\u00dfendem Empfang.<\/p>\n<p>Deutschland wird 2019-2020 im UN-Sicherheitsrat vertreten sein. Die Welt ist gebeutelt von Krisen <em>&#8211; <\/em>der Syrien-Konflikt, ein schwieriger werdendes Verh\u00e4ltnis zu den USA, Fl\u00fcchtlingskrisen, etc. Welche Akzente soll und kann Deutschland im Sicherheitsrat setzen? Welchen Beitrag kann die Bundesregierung zu Frieden und Stabilit\u00e4t in der Welt leisten?<\/p>\n<p>Begr\u00fc\u00dfung:<\/p>\n<ul>\n<li>Generalleutnant a.D. J\u00fcrgen Bornemann, Generaldirektor des internationalen Milit\u00e4rstabs der NATO (2010\u20132013), Mitglied des Vorstands der DAG<\/li>\n<\/ul>\n<p>Impulsvortrag und anschlie\u00dfende Podiumsdiskussion:<\/p>\n<ul>\n<li>Botschafter Dr. Christoph Heusgen, St\u00e4ndiger Vertreter der Bundesrepublik Deutschland bei den Vereinten Nationen in New York<\/li>\n<\/ul>\n<p>Podiumsdiskussion<\/p>\n<ul>\n<li>Dr. Franziska Brantner, MdB (Fraktion B\u00fcndnis 90\/Die Gr\u00fcnen), Vorsitzende des Unterausschusses f\u00fcr Zivile Krisenpr\u00e4vention, Konfliktbearbeitung u. vernetztes Handeln<\/li>\n<li>Dr. Lisa Heemann, Generalsekret\u00e4rin der Deutschen Gesellschaft f\u00fcr die Vereinten Nationen e.V.<\/li>\n<li>Prof. Dr. Johannes Varwick, Lehrstuhl f\u00fcr Internationale Beziehungen und europ\u00e4ische Politik, Martin-Luther-Universit\u00e4t Halle-Wittenberg<\/li>\n<\/ul>\n<p>Moderation<\/p>\n<ul>\n<li>Werner Sonne, Journalist und Autor<\/li>\n<\/ul>\n<p>Schlusswort<\/p>\n<ul>\n<li>Detlef Dzembritzki<strong>, <\/strong>Vorstandsvorsitzender der Deutschen Gesellschaft f\u00fcr die Vereinten Nationen e.V., MdB a.D.<\/li>\n<\/ul>\n<p>Veranstaltungsort: Presse- und Informationsamt der Bundesregierung, Dorotheenstra\u00dfe 84, 10117 Berlin<\/p>\n<p><a href=\"https:\/\/www.dgvn.de\/index.php?id=3143\"><strong>Anmeldung<\/strong><\/a><strong><br>\n<\/strong>Bitte melden Sie sich bis zum 21. August 2018 f\u00fcr die Veranstaltung an.<\/p>\n<p><strong>Wichtiger Hinweis<\/strong><\/p>\n<p>Der Einlass kann nur nach vorheriger Anmeldung und mit g\u00fcltigem Lichtbildausweis gew\u00e4hrt werden.<\/p>\n<p>Das Mitbringen von Koffern und Rucks\u00e4cken in den<br>\nVeranstaltungssaal ist leider nicht gestattet.<\/p>\n<p>Noch mehr Informationen zur UN bekommen Sie in unserem <a href=\"https:\/\/www.ub.fu-berlin.de\/bibliothek\/uneu\/\">Dokumentationszentrum UN-EU<\/a>.<\/p>","protected":false},"excerpt":{"rendered":"<p>Der Betrieb des \u201eDokumentationszentrums UN \u2013 EU\u201c wird eingestellt. Die entsprechende Literatur bleibt im Bestand und ist weiterhin zug\u00e4nglich. Die Deutsche Gesellschaft f\u00fcr die Vereinten Nationen (DGVN) und die Deutsche Atlantische Gesellschaft (DAG) laden am Mittwoch den 29. August 2018 um 18:30 Uhr zu einer gemeinsamen Veranstaltung: &#8222;Haltung oder Enthaltung? &#8211; Deutschlands Profil im UN-Sicherheitsrat&#8220; &hellip; <a href=\"https:\/\/blogs.fu-berlin.de\/bibliotheken\/2018\/08\/16\/haltung-oder-enthaltung-deutschlands-profil-im-un-sicherheitsrat\/\" class=\"more-link\"><span class=\"screen-reader-text\">\u201eHaltung oder Enthaltung? Deutschlands Profil im UN-Sicherheitsrat\u201c<\/span> weiterlesen<\/a><\/p>\n","protected":false},"author":2907,"featured_media":0,"comment_status":"open","ping_status":"open","sticky":false,"template":"","format":"standard","meta":{"footnotes":""},"categories":[9],"tags":[218446,57510,2458,218447,12086],"class_list":["post-23596","post","type-post","status-publish","format-standard","hentry","category-allgemein","tag-deutsche-atlantische-gesellschaft","tag-dgvn","tag-dokumentationszentrum-un-eu","tag-un-sicherheitsrat","tag-vereinte-nationen"],"_links":{"self":[{"href":"https:\/\/blogs.fu-berlin.de\/bibliotheken\/wp-json\/wp\/v2\/posts\/23596","targetHints":{"allow":["GET"]}}],"collection":[{"href":"https:\/\/blogs.fu-berlin.de\/bibliotheken\/wp-json\/wp\/v2\/posts"}],"about":[{"href":"https:\/\/blogs.fu-berlin.de\/bibliotheken\/wp-json\/wp\/v2\/types\/post"}],"author":[{"embeddable":true,"href":"https:\/\/blogs.fu-berlin.de\/bibliotheken\/wp-json\/wp\/v2\/users\/2907"}],"replies":[{"embeddable":true,"href":"https:\/\/blogs.fu-berlin.de\/bibliotheken\/wp-json\/wp\/v2\/comments?post=23596"}],"version-history":[{"count":8,"href":"https:\/\/blogs.fu-berlin.de\/bibliotheken\/wp-json\/wp\/v2\/posts\/23596\/revisions"}],"predecessor-version":[{"id":29292,"href":"https:\/\/blogs.fu-berlin.de\/bibliotheken\/wp-json\/wp\/v2\/posts\/23596\/revisions\/29292"}],"wp:attachment":[{"href":"https:\/\/blogs.fu-berlin.de\/bibliotheken\/wp-json\/wp\/v2\/media?parent=23596"}],"wp:term":[{"taxonomy":"category","embeddable":true,"href":"https:\/\/blogs.fu-berlin.de\/bibliotheken\/wp-json\/wp\/v2\/categories?post=23596"},{"taxonomy":"post_tag","embeddable":true,"href":"https:\/\/blogs.fu-berlin.de\/bibliotheken\/wp-json\/wp\/v2\/tags?post=23596"}],"curies":[{"name":"wp","href":"https:\/\/api.w.org\/{rel}","templated":true}]}}