{"id":23652,"date":"2018-08-27T10:30:15","date_gmt":"2018-08-27T09:30:15","guid":{"rendered":"https:\/\/blogs.fu-berlin.de\/bibliotheken\/?p=23652"},"modified":"2021-09-14T08:05:50","modified_gmt":"2021-09-14T07:05:50","slug":"podiumsdiskussion-umsetzung-der-globalen-nachhaltigkeitsagenda-in-deutschland-und-anderswo-in-der-welt","status":"publish","type":"post","link":"https:\/\/blogs.fu-berlin.de\/bibliotheken\/2018\/08\/27\/podiumsdiskussion-umsetzung-der-globalen-nachhaltigkeitsagenda-in-deutschland-und-anderswo-in-der-welt\/","title":{"rendered":"Podiumsdiskussion: Umsetzung der globalen Nachhaltigkeitsagenda in Deutschland und anderswo in der Welt"},"content":{"rendered":"\n<p><em><span class=\"has-inline-color has-bright-red-color\">Der Betrieb des \u201eDokumentationszentrums UN \u2013 EU\u201c wird eingestellt. Die entsprechende Literatur bleibt im Bestand und ist weiterhin zug\u00e4nglich.<\/span><\/em><\/p>\n\n\n<p>Die Deutsche Gesellschaft f\u00fcr die Vereinten Nationen (DGVN) &#8211; AG Junge UN-Forschung l\u00e4dt gemeinsam mit dem Lehrstuhl f\u00fcr Internationale Politik der Universit\u00e4t Potsdam und in Kooperation mit dem DGVN-Landesverband Berlin-Brandenburg am <strong>7. September 2018<\/strong> von <strong>17.00-19.00 Uhr<\/strong> zu einer Podiumsdiskussion in Potsdam ein: &#8222;<a href=\"https:\/\/www.uno-forschung.de\/wp-content\/uploads\/2018\/07\/Flyer-Podiumsdiskussion.pdf\">Umsetzung der globalen Nachhaltigkeitsagenda in Deutschland und anderswo in der Welt<\/a>&#8222;.<\/p>\n<p>Die Veranstaltung findet im Rahmen des interdisziplin\u00e4ren Workshops &#8222;<a href=\"https:\/\/www.dgvn.de\/veranstaltungen\/event\/?tx_eventmgmt_list%5Bevent%5D=536&amp;tx_eventmgmt_list%5Baction%5D=show&amp;tx_eventmgmt_list%5Bcontroller%5D=Event&amp;cHash=482212045e89d20d9e2e5a6081209e46\">Localizing the Sustainable Development Agenda: St\u00e4dte als Schl\u00fcssel f\u00fcr eine nachhaltige Entwicklung?<\/a>&#8220; (7. &#8211; 8. September 2018) statt.<\/p>\n<p><strong>Podiumsdiskussion<\/strong><\/p>\n<ul>\n<li><strong>J\u00f6rg Mayer-Ries<\/strong>, Bundesministerium f\u00fcr Umwelt, Naturschutz und nukleare Sicherheit, Referatsleiter in der Grundsatzabteilung<\/li>\n<li><strong>Marianne Beisheim<\/strong>, Stiftung Wissenschaft und Politik, Forschungsgruppe Globale Fragen<\/li>\n<li><strong>Anna Cavazzini<\/strong>, Brot f\u00fcr die Welt, Referentin f\u00fcr nachhaltige Entwicklungsziele<\/li>\n<li><strong>Gabriele K\u00f6hler<\/strong>, Deutsche Gesellschaft f\u00fcr die Vereinten Nationen, DGVN-Vorstandsmitglied<\/li>\n<\/ul>\n<p>Moderation: <strong>Arne Molfenter<\/strong>, Leiter des Verbindungsb\u00fcros der VN f\u00fcr Westeuropa<\/p>\n<p>Ort: <strong>WiSo-Fakult\u00e4t<\/strong> (Campus Griebnitzsee) der Universit\u00e4t Potsdam.<\/p>\n<p>Bitte&nbsp;melden Sie sich&nbsp;bis zum <strong>31. August 2018<\/strong> unter <a href=\"mailto:info@uno-forschung.de\">info@uno-forschung.de<\/a>&nbsp;f\u00fcr die Veranstaltung an.<\/p>\n<p>Noch mehr Informationen zur UN bekommen Sie in unserem <a href=\"https:\/\/www.ub.fu-berlin.de\/bibliothek\/uneu\/\">Dokumentationszentrum UN-EU<\/a>.<\/p>","protected":false},"excerpt":{"rendered":"<p>Der Betrieb des \u201eDokumentationszentrums UN \u2013 EU\u201c wird eingestellt. Die entsprechende Literatur bleibt im Bestand und ist weiterhin zug\u00e4nglich. Die Deutsche Gesellschaft f\u00fcr die Vereinten Nationen (DGVN) &#8211; AG Junge UN-Forschung l\u00e4dt gemeinsam mit dem Lehrstuhl f\u00fcr Internationale Politik der Universit\u00e4t Potsdam und in Kooperation mit dem DGVN-Landesverband Berlin-Brandenburg am 7. September 2018 von 17.00-19.00 &hellip; <a href=\"https:\/\/blogs.fu-berlin.de\/bibliotheken\/2018\/08\/27\/podiumsdiskussion-umsetzung-der-globalen-nachhaltigkeitsagenda-in-deutschland-und-anderswo-in-der-welt\/\" class=\"more-link\"><span class=\"screen-reader-text\">\u201ePodiumsdiskussion: Umsetzung der globalen Nachhaltigkeitsagenda in Deutschland und anderswo in der Welt\u201c<\/span> weiterlesen<\/a><\/p>\n","protected":false},"author":2907,"featured_media":0,"comment_status":"open","ping_status":"open","sticky":false,"template":"","format":"standard","meta":{"footnotes":""},"categories":[9,70],"tags":[218454,57510,2458,218455,218456,196724],"class_list":["post-23652","post","type-post","status-publish","format-standard","hentry","category-allgemein","category-veranstaltungen","tag-ag-junge-un-forschung","tag-dgvn","tag-dokumentationszentrum-un-eu","tag-nachhaltigkeitsagenda","tag-sustainable-development-agenda","tag-universitaet-potsdam"],"_links":{"self":[{"href":"https:\/\/blogs.fu-berlin.de\/bibliotheken\/wp-json\/wp\/v2\/posts\/23652","targetHints":{"allow":["GET"]}}],"collection":[{"href":"https:\/\/blogs.fu-berlin.de\/bibliotheken\/wp-json\/wp\/v2\/posts"}],"about":[{"href":"https:\/\/blogs.fu-berlin.de\/bibliotheken\/wp-json\/wp\/v2\/types\/post"}],"author":[{"embeddable":true,"href":"https:\/\/blogs.fu-berlin.de\/bibliotheken\/wp-json\/wp\/v2\/users\/2907"}],"replies":[{"embeddable":true,"href":"https:\/\/blogs.fu-berlin.de\/bibliotheken\/wp-json\/wp\/v2\/comments?post=23652"}],"version-history":[{"count":6,"href":"https:\/\/blogs.fu-berlin.de\/bibliotheken\/wp-json\/wp\/v2\/posts\/23652\/revisions"}],"predecessor-version":[{"id":29288,"href":"https:\/\/blogs.fu-berlin.de\/bibliotheken\/wp-json\/wp\/v2\/posts\/23652\/revisions\/29288"}],"wp:attachment":[{"href":"https:\/\/blogs.fu-berlin.de\/bibliotheken\/wp-json\/wp\/v2\/media?parent=23652"}],"wp:term":[{"taxonomy":"category","embeddable":true,"href":"https:\/\/blogs.fu-berlin.de\/bibliotheken\/wp-json\/wp\/v2\/categories?post=23652"},{"taxonomy":"post_tag","embeddable":true,"href":"https:\/\/blogs.fu-berlin.de\/bibliotheken\/wp-json\/wp\/v2\/tags?post=23652"}],"curies":[{"name":"wp","href":"https:\/\/api.w.org\/{rel}","templated":true}]}}