{"id":23660,"date":"2018-08-30T10:30:51","date_gmt":"2018-08-30T09:30:51","guid":{"rendered":"https:\/\/blogs.fu-berlin.de\/bibliotheken\/?p=23660"},"modified":"2021-09-14T08:05:22","modified_gmt":"2021-09-14T07:05:22","slug":"liveuebertragung-eu-kommissionspraesident-jean-claude-juncker-haelt-jaehrliche-rede-zur-lage-der-eu","status":"publish","type":"post","link":"https:\/\/blogs.fu-berlin.de\/bibliotheken\/2018\/08\/30\/liveuebertragung-eu-kommissionspraesident-jean-claude-juncker-haelt-jaehrliche-rede-zur-lage-der-eu\/","title":{"rendered":"Live\u00fcbertragung: EU-Kommissionspr\u00e4sident Jean-Claude Juncker h\u00e4lt j\u00e4hrliche Rede zur Lage der EU"},"content":{"rendered":"\n<p><em><span class=\"has-inline-color has-bright-red-color\">Der Betrieb des \u201eDokumentationszentrums UN \u2013 EU\u201c wird eingestellt. Die entsprechende Literatur bleibt im Bestand und ist weiterhin zug\u00e4nglich.<\/span><\/em><\/p>\n\n\n<p>Kommissionspr\u00e4sident Jean-Claude Juncker h\u00e4lt am <strong>12. September 2018<\/strong> im Europ\u00e4ischen Parlament seine j\u00e4hrliche Rede zur Lage der Europ\u00e4ischen Union. Seine Rede ist nicht nur ein R\u00fcckblick auf Erreichtes, sondern vielmehr auch ein Ausblick auf die politischen Schwerpunkte der kommenden Jahre und die anstehenden Wahlen zum Europ\u00e4ischen Parlament. Seiner Ansprache schlie\u00dfen sich die Ansprachen der EPFraktionsvorsitzenden an.<\/p>\n<p>Das <a href=\"https:\/\/ec.europa.eu\/germany\/sites\/germany\/files\/eu_flyer_webansicht.pdf\">Europ\u00e4ische Haus in Berlin<\/a>&nbsp;l\u00e4dt zur \u00dcbertragung der Reden aus Stra\u00dfburg ein.<\/p>\n<p><strong>Programm<\/strong><\/p>\n<ul>\n<li>8:15 Uhr: Einlass<\/li>\n<li>8:30 Uhr: Kaffee und Croissants<\/li>\n<li>8:50 Uhr: Begr\u00fc\u00dfung durch den Leiter des Verbindungsb\u00fcros des Europ\u00e4ischen Parlaments, Frank Piplat und den Vertreter der Europ\u00e4ischen Kommission in Deutschland, Richard Nikolaus K\u00fchnel<\/li>\n<li>9:00 &#8211; 11:00 Uhr: Live\u00fcbertragung der Rede des Pr\u00e4sidenten der Europ\u00e4ischen Kommission, Jean-Claude Juncker sowie der anschlie\u00dfenden Debatte im Europ\u00e4ischen Parlament<\/li>\n<\/ul>\n<p>Die Reden werden im Originalton \u00fcbertragen (Deutsch, Englisch, Franz\u00f6sisch). Es werden Kopfh\u00f6rer zur Verf\u00fcgung stehen, um die Reden auf Deutsch verfolgen zu k\u00f6nnen.<\/p>\n<p>Kommentieren Sie die Rede von Pr\u00e4sident Juncker live auf Twitter unter #SOTEU und diskutieren Sie miteinander!<\/p>\n<p>Wenn Sie bei der Veranstaltung nicht dabei sein k\u00f6nnen, k\u00f6nnen Sie die Rede zur Lage der Union hier <a href=\"https:\/\/ec.europa.eu\/avservices\/ebs\/schedule.cfm\">live<\/a> verfolgen.<\/p>\n<p>Bitte melden Sie sich bis zum <strong>05. September 2018<\/strong> <a href=\"https:\/\/eu-kommission.yve-tool.de\/public_registration\/8107\">hier<\/a> an.<\/p>\n<p>Noch mehr Informationen zur EU bekommen Sie in unserem <a href=\"https:\/\/www.ub.fu-berlin.de\/bibliothek\/uneu\/\">Dokumentationszentrum UN-EU<\/a>.<\/p>","protected":false},"excerpt":{"rendered":"<p>Der Betrieb des \u201eDokumentationszentrums UN \u2013 EU\u201c wird eingestellt. Die entsprechende Literatur bleibt im Bestand und ist weiterhin zug\u00e4nglich. Kommissionspr\u00e4sident Jean-Claude Juncker h\u00e4lt am 12. September 2018 im Europ\u00e4ischen Parlament seine j\u00e4hrliche Rede zur Lage der Europ\u00e4ischen Union. Seine Rede ist nicht nur ein R\u00fcckblick auf Erreichtes, sondern vielmehr auch ein Ausblick auf die politischen &hellip; <a href=\"https:\/\/blogs.fu-berlin.de\/bibliotheken\/2018\/08\/30\/liveuebertragung-eu-kommissionspraesident-jean-claude-juncker-haelt-jaehrliche-rede-zur-lage-der-eu\/\" class=\"more-link\"><span class=\"screen-reader-text\">\u201eLive\u00fcbertragung: EU-Kommissionspr\u00e4sident Jean-Claude Juncker h\u00e4lt j\u00e4hrliche Rede zur Lage der EU\u201c<\/span> weiterlesen<\/a><\/p>\n","protected":false},"author":2907,"featured_media":0,"comment_status":"open","ping_status":"open","sticky":false,"template":"","format":"standard","meta":{"footnotes":""},"categories":[70],"tags":[2458,1977,218457,56944,196541,218458,196665],"class_list":["post-23660","post","type-post","status-publish","format-standard","hentry","category-veranstaltungen","tag-dokumentationszentrum-un-eu","tag-europaische-union","tag-europaeisches-haus-berlin","tag-europaeisches-parlament","tag-jean-claude-juncker","tag-kommissionspraesident","tag-strassburg"],"_links":{"self":[{"href":"https:\/\/blogs.fu-berlin.de\/bibliotheken\/wp-json\/wp\/v2\/posts\/23660","targetHints":{"allow":["GET"]}}],"collection":[{"href":"https:\/\/blogs.fu-berlin.de\/bibliotheken\/wp-json\/wp\/v2\/posts"}],"about":[{"href":"https:\/\/blogs.fu-berlin.de\/bibliotheken\/wp-json\/wp\/v2\/types\/post"}],"author":[{"embeddable":true,"href":"https:\/\/blogs.fu-berlin.de\/bibliotheken\/wp-json\/wp\/v2\/users\/2907"}],"replies":[{"embeddable":true,"href":"https:\/\/blogs.fu-berlin.de\/bibliotheken\/wp-json\/wp\/v2\/comments?post=23660"}],"version-history":[{"count":11,"href":"https:\/\/blogs.fu-berlin.de\/bibliotheken\/wp-json\/wp\/v2\/posts\/23660\/revisions"}],"predecessor-version":[{"id":29286,"href":"https:\/\/blogs.fu-berlin.de\/bibliotheken\/wp-json\/wp\/v2\/posts\/23660\/revisions\/29286"}],"wp:attachment":[{"href":"https:\/\/blogs.fu-berlin.de\/bibliotheken\/wp-json\/wp\/v2\/media?parent=23660"}],"wp:term":[{"taxonomy":"category","embeddable":true,"href":"https:\/\/blogs.fu-berlin.de\/bibliotheken\/wp-json\/wp\/v2\/categories?post=23660"},{"taxonomy":"post_tag","embeddable":true,"href":"https:\/\/blogs.fu-berlin.de\/bibliotheken\/wp-json\/wp\/v2\/tags?post=23660"}],"curies":[{"name":"wp","href":"https:\/\/api.w.org\/{rel}","templated":true}]}}