{"id":23668,"date":"2018-09-13T10:30:25","date_gmt":"2018-09-13T09:30:25","guid":{"rendered":"https:\/\/blogs.fu-berlin.de\/bibliotheken\/?p=23668"},"modified":"2021-09-16T13:48:05","modified_gmt":"2021-09-16T12:48:05","slug":"wir-erinnern-an-kofi-a-annan-1938-2018","status":"publish","type":"post","link":"https:\/\/blogs.fu-berlin.de\/bibliotheken\/2018\/09\/13\/wir-erinnern-an-kofi-a-annan-1938-2018\/","title":{"rendered":"Wir erinnern an Kofi A. Annan (1938-2018)"},"content":{"rendered":"\n<p><em><span class=\"has-inline-color has-bright-red-color\">Der Betrieb des \u201eDokumentationszentrums UN \u2013 EU\u201c wird eingestellt. Die entsprechende Literatur bleibt im Bestand und ist weiterhin zug\u00e4nglich.<\/span><\/em><\/p>\n\n\n<p><figure id=\"attachment_23743\" aria-describedby=\"caption-attachment-23743\" style=\"width: 240px\" class=\"wp-caption alignright\"><img loading=\"lazy\" decoding=\"async\" class=\"wp-image-23743 size-full\" src=\"https:\/\/blogs.fu-berlin.de\/bibliotheken\/files\/2018\/09\/7474208582_ed2fab085f_m.jpg\" alt=\"\" width=\"240\" height=\"173\"><figcaption id=\"caption-attachment-23743\" class=\"wp-caption-text\">Joint Special Envoy Kofi Annan spoke with the media at the United Nations Office at Geneva following the June 30, 2012 Meeting of the Action Group for Syria. Author: United Stats Mission Geneva, https:\/\/www.flickr.com\/photos\/us-mission\/albums\/72157630353682402<\/figcaption><\/figure><\/p>\n<p>\u201c<em>In many ways, Kofi Annan was the United Nations.<\/em>\u201d, so der amtierende UN-Generalsekret\u00e4r Ant\u00f3nio Guterres.<\/p>\n<p>Kofi Atta Annan wurde am 8. April 1938 in Kumasi, Ghana (zur Zeit seiner Geburt noch britische Kolonie \u2013 bis 1957) geboren.<\/p>\n<p>Er studierte ab 1958 Wirtschaftswissenschaften am <a href=\"https:\/\/www.knust.edu.gh\/\">Kumasi College of Science and Technology<\/a>. Mit Hilfe eines Stipendiums der Ford-Stiftung setzte er sein Studium am <a href=\"https:\/\/www.macalester.edu\/\">Macalester College<\/a> in Saint Paul (Minnesota\/USA) fort und erlangte 1961 einen Bachelor-Abschluss. Anschlie\u00dfend studierte Annan f\u00fcr ein Jahr am <a href=\"http:\/\/graduateinstitute.ch\/home.html\">Genfer Hochschulinstitut f\u00fcr internationale Studien<\/a> der Universit\u00e4t Genf. 1972 erhielt er seinen Master of Business Administration an der <a href=\"http:\/\/mitsloan.mit.edu\/\">Sloan School of Management<\/a> des <a href=\"http:\/\/web.mit.edu\/\">Massachusetts Institute of Technology<\/a> (MIT).<\/p>\n<p>1962 trat Kofi Annan als Verwaltungs- und Haushaltsbeamter in den Dienst der <a href=\"http:\/\/www.who.int\/\">Weltgesundheitsorganisation<\/a> der <a href=\"http:\/\/www.un.org\/en\/index.html\">Vereinten Nationen<\/a>. Seitdem arbeitete er: f\u00fcr die <a href=\"https:\/\/www.uneca.org\/\">UN-Wirtschaftskommission f\u00fcr Afrika<\/a> in Addis Abeba; f\u00fcr <a href=\"https:\/\/peacekeeping.un.org\/en\">UN-Peacekeeping (UNEF II)<\/a> in Ismailia; f\u00fcr das B\u00fcro des <a href=\"http:\/\/www.unhcr.org\/the-high-commissioner.html\">Hohen Fl\u00fcchtlingskommissars der Vereinten Nationen<\/a> in Genf; im UN-Hauptquartier in New York, als stellvertretender Generalsekret\u00e4r f\u00fcr Personalmanagement und Sicherheitskoordinator f\u00fcr das UN-System (1987-1990) und stellvertretender Generalsekret\u00e4r f\u00fcr Programmplanung, Haushalt und Finanzen (1990-1992). Nach der Invasion Kuwaits durch den Irak organisiert Kofi Annan im Auftrag des UNO-Generalsekret\u00e4rs die Ausreise von \u00fcber 900 internationalen Fachkr\u00e4ften und Angeh\u00f6rigen westlicher Nationen aus dem Irak. Er leitet die Verhandlungen mit dem Irak \u00fcber die Freilassung der westlichen Geiseln und die Finanzierung humanit\u00e4rer Hilfe im Rahmen des &#8222;\u00d6l-f\u00fcr-Lebensmittel&#8220;-Programms der UN. Er war stellvertretender Generalsekret\u00e4r f\u00fcr Friedenssicherungseins\u00e4tze (1993 \u2013 1994), Untergeneralsekret\u00e4r (1994 \u2013 1996), Sonderbeauftragter des Generalsekret\u00e4rs f\u00fcr das ehemalige Jugoslawien (1995 &#8211; 1996) und \u00fcberwachte in Bosnien und Herzegowina den \u00dcbergang des Schutzes durch die Vereinten Nationen (UN Peacekeeping) an die multinationale Implementation Force (<a href=\"https:\/\/www.nato.int\/ifor\/ifor.htm\">IFOR<\/a>), die von der <a href=\"https:\/\/www.nato.int\/\">NATO<\/a> gef\u00fchrt wird.<\/p>\n<p>Am 13. Dezember 1996 wurde Annan vom <a href=\"http:\/\/www.un.org\/en\/sc\/\">UN-Sicherheitsrat<\/a> zum Generalsekret\u00e4r gew\u00e4hlt. Sein Amt trat er am 1. Januar 1997 an. 2001 wurde er erneut im Amt best\u00e4tigt und blieb bis 2006 UN-Generalsekret\u00e4r.<\/p>\n<p>Seine erste gro\u00dfe Initiative als Generalsekret\u00e4r war sein Reformplan &#8222;<a href=\"https:\/\/www.unric.org\/de\/pressemitteilungen\/5094-erneuerung-der-vereinten-nationen-ein-reformprogramm\">Die Erneuerung der Vereinten Nationen<\/a>&#8222;, den er den Mitgliedstaaten im Juli 1997 vorgelegt und der bis heute seine Bedeutung nicht verloren hat.<\/p>\n<p>Sein Bericht vom April 1998 an den UN-Sicherheitsrat \u00fcber &#8222;Die Ursachen von Konflikten und die F\u00f6rderung dauerhaften Friedens und nachhaltiger Entwicklung in Afrika&#8220; war eine von mehreren Bem\u00fchungen, das Engagement der internationalen Gemeinschaft f\u00fcr Afrika, aufrechtzuerhalten und auszubauen.<\/p>\n<p>Er hat in verschiedenen schwierigen politischen Situationen seinen Einfluss geltend gemacht. Dazu geh\u00f6rte 1998 der Versuch, die Einhaltung der Resolutionen des Sicherheitsrats durch den Irak zu erreichen; eine Mission im Jahr 1998, um den \u00dcbergang Nigerias zu einer zivilen Regierung zu erm\u00f6glichen; eine Vereinbarung im Jahr 1999, um die bestehende Pattsituation zwischen Libyen und dem Sicherheitsrat bez\u00fcglich des Lockerbie-Bombenangriffs von 1988 zu l\u00f6sen; 1999 diplomatische Bem\u00fchungen, um eine gemeinsame internationale Reaktion auf die Gewalt in Ost-Timor zu finden und im Jahr 2000, Israel zu einem R\u00fcckzug aus dem Libanon zu bewegen und die Gewalt zwischen Israel und den Pal\u00e4stinensern zu stoppen.<\/p>\n<p>Ihm lag die St\u00e4rkung des Status von Frauen am Herzen, ebenso der Aufbau von engeren Partnerschaften mit der Zivilgesellschaft, dem Privatsektor und anderen nichtstaatlichen Akteuren, um deren St\u00e4rken mit denen der Vereinten Nationen zu verbinden. Er forderte einen &#8222;<a href=\"https:\/\/www.unglobalcompact.org\/\">Global Compact<\/a>&#8222;, an dem f\u00fchrenden Vertreter der Wirtschaft sowie Arbeitnehmer- und zivilgesellschaftliche Organisationen beteiligt sind, um die Globalisierung sozialer und \u00f6kologischer zu gestalten.<\/p>\n<p>Im April 2000 ver\u00f6ffentlichte er einen Millennium-Bericht mit dem Titel &#8222;<a href=\"https:\/\/www.unric.org\/de\/pressemitteilungen\/4609\">Wir die V\u00f6lker: Die Rolle der Vereinten Nationen im 21. Jahrhundert<\/a>&#8220; und forderte die Mitgliedstaaten auf, sich zu einem Aktionsplan zur Beendigung von Armut und Ungleichheit, zur Verbesserung der Bildung und zur Verringerung von HIV, zum Schutz der Umwelt und zum Schutz der Menschen vor t\u00f6dlichen Konflikten und Gewalt zu verpflichten. Der Bericht bildete die Grundlage f\u00fcr die <a href=\"https:\/\/www.unric.org\/html\/german\/mdg\/millenniumerklaerung.pdf\">Millenniumserkl\u00e4rung<\/a>, die von den Staats- und Regierungschefs auf dem Millenniumsgipfel im September 2000 im UN-Hauptquartier verabschiedet wurde.<\/p>\n<p>In Annans Amtszeit werden diverse Aktivit\u00e4ten angesto\u00dfen, Resolutionen verabschiedet und umgesetzt, u. a.:<\/p>\n<ul>\n<li>Im April 2001 wird ein 5-Punkte-Plan gegen die Verbreitung von HIV\/Aids ver\u00f6ffentlicht.<\/li>\n<li>Nach den Anschl\u00e4gen vom 11. September 2001 fordert Annan die Umsetzung bestehender Rechtsinstrumente zur entschlossenen Terrorismusbek\u00e4mpfung und wies auf die M\u00f6glichkeiten der UN in der Zusammenarbeit im Kampf gegen den Terrorismus hin.<\/li>\n<li>Im November 2002 akzeptiert der Irak eine Resolution des UN-Sicherheitsrats, die den ungehinderten Zugang von Waffeninspekteuren zu vermuteten Lagern und Produktionsst\u00e4tten von Massenvernichtungswaffen (<a href=\"http:\/\/www.un.org\/Depts\/german\/sr\/sr_02-03\/srband02-03-res.pdf\">Resulution 1441<\/a>) fordert.<\/li>\n<\/ul>\n<p>Im Jahr 2001 erhielt Annan mit den Vereinten Nationen den Friedensnobelpreis. Er wurde ausgezeichnet f\u00fcr sein stehtes Bem\u00fchen um Frieden, wachsenden Wohlstand f\u00fcr alle Menschen und die L\u00f6sung von Konflikten weltweit.<\/p>\n<p>Ebenfalls 2001 w\u00fcrdigte Fachbereich Politik- und Sozialwissenschaft der Freien Universit\u00e4t Berlin seine Lebensleistung und verlieh ihm die Ehrendoktorw\u00fcrde.<\/p>\n<p>Nachdem er seine zweite Amtszeit als Generalsekret\u00e4r der Vereinten Nationen beendet hat, ging Kofi Annan nicht in Rente, vielmehr versucht er seinen erheblichen politischen Einfluss weiter geltend zu machen:<\/p>\n<ul>\n<li>Annan war Vorsitzender der Allianz f\u00fcr eine Gr\u00fcne Revolution in Afrika (AGRA), einer im Jahr 2006 mit Stiftungsgeldern gegr\u00fcndeten Organisation. Diese hat es sich zur Aufgabe gemacht, die landwirtschaftliche Produktion Afrikas in den kommenden 10 bis 20 Jahren zu steigern und besonders Kleinbauern zu unterst\u00fctzen.<\/li>\n<li>Im M\u00e4rz 2012 wurde er Sondergesandter der Vereinten Nationen und der Arabischen Liga f\u00fcr Syrien. In der Syrien-Krise versucht Annan eine vermittelnde Position einzunehmen und einen B\u00fcrgerkrieg zu verhindern. Im August desselben Jahres und angesichts der anhaltenden Gewalt in Syrien sowie der Uneinigkeit unter den Gro\u00dfm\u00e4chten im UN-Sicherheitsrat tritt Annan wegen \u201emangelnder Unterst\u00fctzung\u201c von seinem Mandat zur\u00fcck.<\/li>\n<li>Im September 2012 ver\u00f6ffentlicht er seine Autobiografie \u201e<a href=\"https:\/\/fu-berlin.hosted.exlibrisgroup.com\/primo-explore\/fulldisplay?docid=FUB_ALMA_DS21865246960002883&amp;context=L&amp;vid=FUB&amp;search_scope=FUB_Blended_2&amp;tab=fub&amp;lang=de_DE\">Interventions: A Life in War and Peace<\/a>\u201c.<\/li>\n<\/ul>\n<p>Nach kurzer Krankheit verstarb Kofi Annan am 18. August 2018 in seiner Wahlheimat Schweiz. Er hinterl\u00e4sst seine 2. Frau, Nane Annan und drei Kinder.<\/p>\n<p>Noch mehr Informationen zur UN bekommen Sie in unserem <a href=\"https:\/\/www.ub.fu-berlin.de\/bibliothek\/uneu\/\">Dokumentationszentrum UN-EU<\/a>.<\/p>","protected":false},"excerpt":{"rendered":"<p>Der Betrieb des \u201eDokumentationszentrums UN \u2013 EU\u201c wird eingestellt. Die entsprechende Literatur bleibt im Bestand und ist weiterhin zug\u00e4nglich. \u201cIn many ways, Kofi Annan was the United Nations.\u201d, so der amtierende UN-Generalsekret\u00e4r Ant\u00f3nio Guterres. Kofi Atta Annan wurde am 8. April 1938 in Kumasi, Ghana (zur Zeit seiner Geburt noch britische Kolonie \u2013 bis 1957) &hellip; <a href=\"https:\/\/blogs.fu-berlin.de\/bibliotheken\/2018\/09\/13\/wir-erinnern-an-kofi-a-annan-1938-2018\/\" class=\"more-link\"><span class=\"screen-reader-text\">\u201eWir erinnern an Kofi A. Annan (1938-2018)\u201c<\/span> weiterlesen<\/a><\/p>\n","protected":false},"author":2907,"featured_media":0,"comment_status":"open","ping_status":"open","sticky":false,"template":"","format":"standard","meta":{"footnotes":""},"categories":[9],"tags":[2458,218469,218467,218465,218466,57479,218468,218447,12086,18658],"class_list":["post-23668","post","type-post","status-publish","format-standard","hentry","category-allgemein","tag-dokumentationszentrum-un-eu","tag-hoher-fluechtlingskommissar-der-un","tag-ifor","tag-kofi-annan","tag-nato","tag-un-generalsekretaer","tag-un-peacekeeping","tag-un-sicherheitsrat","tag-vereinte-nationen","tag-weltgesundheitsorganisation"],"_links":{"self":[{"href":"https:\/\/blogs.fu-berlin.de\/bibliotheken\/wp-json\/wp\/v2\/posts\/23668","targetHints":{"allow":["GET"]}}],"collection":[{"href":"https:\/\/blogs.fu-berlin.de\/bibliotheken\/wp-json\/wp\/v2\/posts"}],"about":[{"href":"https:\/\/blogs.fu-berlin.de\/bibliotheken\/wp-json\/wp\/v2\/types\/post"}],"author":[{"embeddable":true,"href":"https:\/\/blogs.fu-berlin.de\/bibliotheken\/wp-json\/wp\/v2\/users\/2907"}],"replies":[{"embeddable":true,"href":"https:\/\/blogs.fu-berlin.de\/bibliotheken\/wp-json\/wp\/v2\/comments?post=23668"}],"version-history":[{"count":9,"href":"https:\/\/blogs.fu-berlin.de\/bibliotheken\/wp-json\/wp\/v2\/posts\/23668\/revisions"}],"predecessor-version":[{"id":29653,"href":"https:\/\/blogs.fu-berlin.de\/bibliotheken\/wp-json\/wp\/v2\/posts\/23668\/revisions\/29653"}],"wp:attachment":[{"href":"https:\/\/blogs.fu-berlin.de\/bibliotheken\/wp-json\/wp\/v2\/media?parent=23668"}],"wp:term":[{"taxonomy":"category","embeddable":true,"href":"https:\/\/blogs.fu-berlin.de\/bibliotheken\/wp-json\/wp\/v2\/categories?post=23668"},{"taxonomy":"post_tag","embeddable":true,"href":"https:\/\/blogs.fu-berlin.de\/bibliotheken\/wp-json\/wp\/v2\/tags?post=23668"}],"curies":[{"name":"wp","href":"https:\/\/api.w.org\/{rel}","templated":true}]}}