{"id":23697,"date":"2018-09-06T10:43:23","date_gmt":"2018-09-06T09:43:23","guid":{"rendered":"https:\/\/blogs.fu-berlin.de\/bibliotheken\/?p=23697"},"modified":"2021-09-14T08:04:51","modified_gmt":"2021-09-14T07:04:51","slug":"kippt-die-zeitumstellung-in-der-eu","status":"publish","type":"post","link":"https:\/\/blogs.fu-berlin.de\/bibliotheken\/2018\/09\/06\/kippt-die-zeitumstellung-in-der-eu\/","title":{"rendered":"Kippt die Zeitumstellung in der EU?"},"content":{"rendered":"\n<p><em><span class=\"has-inline-color has-bright-red-color\">Der Betrieb des \u201eDokumentationszentrums UN \u2013 EU\u201c wird eingestellt. Die entsprechende Literatur bleibt im Bestand und ist weiterhin zug\u00e4nglich.<\/span><\/em><\/p>\n\n\n<p><img loading=\"lazy\" decoding=\"async\" class=\"size-medium wp-image-23705 alignright\" src=\"https:\/\/blogs.fu-berlin.de\/bibliotheken\/files\/2018\/09\/time-1246003_1920-300x234.jpg\" alt=\"\" width=\"300\" height=\"234\" srcset=\"https:\/\/blogs.fu-berlin.de\/bibliotheken\/files\/2018\/09\/time-1246003_1920-300x234.jpg 300w, https:\/\/blogs.fu-berlin.de\/bibliotheken\/files\/2018\/09\/time-1246003_1920-1200x936.jpg 1200w, https:\/\/blogs.fu-berlin.de\/bibliotheken\/files\/2018\/09\/time-1246003_1920.jpg 1920w\" sizes=\"auto, (max-width: 300px) 85vw, 300px\" \/>Der EU-Kommissionspr\u00e4sident Jean-Claude Juncker lud am 30. und 31. August die EU-Kommissare zur diesj\u00e4hrigen Klausursitzung ins belgische Genval ein. In vertraulicher Runde sollte die gro\u00dfe Jahresrede, die &#8222;State of the Union&#8220; des EU-Kommissionspr\u00e4sidenten, die f\u00fcr den&nbsp;12. September 2018 geplant ist, vorbereitet werden. Neben vielen schwierigen Europathemen (Migrationspolitik,&nbsp; Brexit-Verhandlungen,&nbsp;Verh\u00e4ltnis zu Washington, etc.) wurde auch die halbj\u00e4hrliche Zeitumstellung thematisiert.<\/p>\n<p>B\u00fcrgerinnen und B\u00fcrger der EU sowie Interessengruppen waren vom 4. Juli bis 16. August 2018 aufgefordert, ihre Ansichten zur Zeitumstellung in einem Online-Fragebogen zu \u00e4u\u00dfern. Das vorl\u00e4ufige <a href=\"https:\/\/ec.europa.eu\/germany\/news\/20180831-konsultation-sommerzeit_de\">Ergebnis der Umfrage<\/a> ist eindeutig: mehr als 80 Prozent der Teilnehmer sprachen sich f\u00fcr die Abschaffung der Zeitumstellung aus. Teilgenommen haben rund 4,6 Millionen EU-B\u00fcrger. Vor allem in Deutschland, \u00d6sterreich und Luxemburg. Sie konnten&nbsp;angeben, ob sie die Zeitumstellung weiter w\u00fcnschen oder f\u00fcr eine Abschaffung pl\u00e4dieren und ob dauerhaft die Sommer- oder die Winterzeit gelten sollte.<\/p>\n<p>Vorausgegangen war die Entschlie\u00dfung des Europ\u00e4ischen Parlaments vom 8. Februar 2018 zur Regelung \u00fcber die Zeitumstellung (<a href=\"http:\/\/www.europarl.europa.eu\/sides\/getDoc.do?pubRef=-\/\/EP\/\/NONSGML+TA+P8-TA-2018-0043+0+DOC+PDF+V0\/\/DE\">2017\/2968(RSP)<\/a>). Sie war die Beschlussgrundlage f\u00fcr eine \u00f6ffentliche <a href=\"https:\/\/ec.europa.eu\/info\/consultations\/2018-summertime-arrangements_de\">Konsultation<\/a>&nbsp;zur <a href=\"https:\/\/eur-lex.europa.eu\/legal-content\/DE\/TXT\/HTML\/?uri=CELEX:32000L0084&amp;from=EN\">EU-Sommerzeitregelung<\/a> durch die Europ\u00e4ische Kommission.&nbsp; Die EU-Kommission wird nun<span style=\"color: #000000\"> einen <\/span><span lang=\"de\">Legislativvorschlag an das Europ\u00e4ische Parlament und den Rat vorbereiten, die dann gemeinsam entscheiden werden.<\/span><\/p>\n<p><span style=\"color: #ff0000\"><span style=\"color: #000000\">Jean-Claude Juncker sagte, er werde f\u00fcr die Abschaffung werben, \u201edass die Sommerzeit in Zukunft f\u00fcr alle Zeit gilt\u201c. \u201eJetzt seien die Mitgliedstaaten und das Europ\u00e4ische Parlament am Zug. Das Europ\u00e4ische Parlament bewegt sich eh seit Jahren in diese Richtung\u201c, so Juncker.&nbsp;<\/span> <\/span><\/p>\n<p>Bisher ist nicht klar wie sich die Mitgliedsstaaten bez\u00fcglich der Abschaffung der Zeitumstellung tas\u00e4chlich verhalten werden. Bez\u00fcglich der Umsetzung sehen viele Experten keine signifikanten Probleme.<\/p>\n<p>Noch mehr Informationen zur EU bekommen Sie in unserem <a href=\"https:\/\/www.ub.fu-berlin.de\/bibliothek\/uneu\/\">Dokumentationszentrum UN-EU<\/a>.<\/p>\n<p>&nbsp;<\/p>\n<p>&nbsp;<\/p>","protected":false},"excerpt":{"rendered":"<p>Der Betrieb des \u201eDokumentationszentrums UN \u2013 EU\u201c wird eingestellt. Die entsprechende Literatur bleibt im Bestand und ist weiterhin zug\u00e4nglich. Der EU-Kommissionspr\u00e4sident Jean-Claude Juncker lud am 30. und 31. August die EU-Kommissare zur diesj\u00e4hrigen Klausursitzung ins belgische Genval ein. In vertraulicher Runde sollte die gro\u00dfe Jahresrede, die &#8222;State of the Union&#8220; des EU-Kommissionspr\u00e4sidenten, die f\u00fcr den&nbsp;12. &hellip; <a href=\"https:\/\/blogs.fu-berlin.de\/bibliotheken\/2018\/09\/06\/kippt-die-zeitumstellung-in-der-eu\/\" class=\"more-link\"><span class=\"screen-reader-text\">\u201eKippt die Zeitumstellung in der EU?\u201c<\/span> weiterlesen<\/a><\/p>\n","protected":false},"author":2907,"featured_media":0,"comment_status":"open","ping_status":"open","sticky":false,"template":"","format":"standard","meta":{"footnotes":""},"categories":[9],"tags":[218462,2458,218460,218461,218463,196541,218464,218434],"class_list":["post-23697","post","type-post","status-publish","format-standard","hentry","category-allgemein","tag-abschaffung-der-zeitumstellung","tag-dokumentationszentrum-un-eu","tag-eu-kommission","tag-eu-kommissionspraesident","tag-eu-sommerzeitregelung","tag-jean-claude-juncker","tag-konsultation","tag-sommerzeit"],"_links":{"self":[{"href":"https:\/\/blogs.fu-berlin.de\/bibliotheken\/wp-json\/wp\/v2\/posts\/23697","targetHints":{"allow":["GET"]}}],"collection":[{"href":"https:\/\/blogs.fu-berlin.de\/bibliotheken\/wp-json\/wp\/v2\/posts"}],"about":[{"href":"https:\/\/blogs.fu-berlin.de\/bibliotheken\/wp-json\/wp\/v2\/types\/post"}],"author":[{"embeddable":true,"href":"https:\/\/blogs.fu-berlin.de\/bibliotheken\/wp-json\/wp\/v2\/users\/2907"}],"replies":[{"embeddable":true,"href":"https:\/\/blogs.fu-berlin.de\/bibliotheken\/wp-json\/wp\/v2\/comments?post=23697"}],"version-history":[{"count":15,"href":"https:\/\/blogs.fu-berlin.de\/bibliotheken\/wp-json\/wp\/v2\/posts\/23697\/revisions"}],"predecessor-version":[{"id":29284,"href":"https:\/\/blogs.fu-berlin.de\/bibliotheken\/wp-json\/wp\/v2\/posts\/23697\/revisions\/29284"}],"wp:attachment":[{"href":"https:\/\/blogs.fu-berlin.de\/bibliotheken\/wp-json\/wp\/v2\/media?parent=23697"}],"wp:term":[{"taxonomy":"category","embeddable":true,"href":"https:\/\/blogs.fu-berlin.de\/bibliotheken\/wp-json\/wp\/v2\/categories?post=23697"},{"taxonomy":"post_tag","embeddable":true,"href":"https:\/\/blogs.fu-berlin.de\/bibliotheken\/wp-json\/wp\/v2\/tags?post=23697"}],"curies":[{"name":"wp","href":"https:\/\/api.w.org\/{rel}","templated":true}]}}