{"id":23742,"date":"2018-09-12T12:00:01","date_gmt":"2018-09-12T11:00:01","guid":{"rendered":"https:\/\/blogs.fu-berlin.de\/bibliotheken\/?p=23742"},"modified":"2018-10-17T10:44:09","modified_gmt":"2018-10-17T09:44:09","slug":"freie-datenbank-zur-geschichte-der-internationalen-avantgarde","status":"publish","type":"post","link":"https:\/\/blogs.fu-berlin.de\/bibliotheken\/2018\/09\/12\/freie-datenbank-zur-geschichte-der-internationalen-avantgarde\/","title":{"rendered":"Freie Datenbank zur Geschichte der internationalen Avantgarde"},"content":{"rendered":"<figure id=\"attachment_23755\" aria-describedby=\"caption-attachment-23755\" style=\"width: 300px\" class=\"wp-caption alignright\"><a href=\"http:\/\/dbis.ur.de\/detail.php?bib_id=fub&amp;colors=&amp;ocolors=&amp;lett=a&amp;tid=0&amp;titel_id=102845\" target=\"_blank\" rel=\"noopener\"><img loading=\"lazy\" decoding=\"async\" class=\"wp-image-23755\" src=\"https:\/\/blogs.fu-berlin.de\/bibliotheken\/files\/2018\/09\/Last_Judgment_by_Wassily_Kandinsky.jpg\" alt=\"\" width=\"300\" height=\"518\" srcset=\"https:\/\/blogs.fu-berlin.de\/bibliotheken\/files\/2018\/09\/Last_Judgment_by_Wassily_Kandinsky.jpg 459w, https:\/\/blogs.fu-berlin.de\/bibliotheken\/files\/2018\/09\/Last_Judgment_by_Wassily_Kandinsky-174x300.jpg 174w\" sizes=\"auto, (max-width: 300px) 85vw, 300px\" \/><\/a><figcaption id=\"caption-attachment-23755\" class=\"wp-caption-text\">Wassily Kandinsky: Das j\u00fcngste Gericht, 1910<\/figcaption><\/figure>\n<p>Neu im Datenbank-Infosystem (DBIS) nachgewiesen ist die digitale Quellenedition<a href=\"http:\/\/dbis.ur.de\/detail.php?bib_id=fub&amp;colors=&amp;ocolors=&amp;lett=a&amp;tid=0&amp;titel_id=102845\" target=\"_blank\" rel=\"noopener\"> \u201eDer Sturm\u201c<\/a>.<\/p>\n<p>Betreut wird das Projekt von der Akademie der Wissenschaften und der Literatur Mainz, welches sich zur Aufgabe gemacht hat, die umfangreichen, verstreuten digitalen Quellen des \u201eSturm\u201c in einer historisch-kritisch angelegten digitalen Edition zusammenzufassen.<\/p>\n<p>Die avantgardistische Zeitschrift \u201eDer Sturm\u201c wurde 1910 von Herwarth Walden gegr\u00fcndet. Bis 1932 war sie Sprachrohr moderner \u00c4sthetiken wie des Expressionismus, des Dadaismus oder des Futurismus. Die Sturm-Edition erfasst neben der Zeitschrift auch andere Ver\u00f6ffentlichungen aus dem Kreis des Sturm-Unternehmens, wie zum Beispiel Ver\u00f6ffentlichungen der Sturm-B\u00fchne, Begleitheftchen von Ausstellungen und Briefwechsel partizipierender K\u00fcnstler.<\/p>\n<p>Die Sturm-Edition stellt nicht nur die Quellen digital zur Verf\u00fcgung, sondern ver\u00f6ffentlicht auch die im Projekt entstehenden Forschungsdaten unter freien Lizenzen.<\/p>\n","protected":false},"excerpt":{"rendered":"<p>Neu im Datenbank-Infosystem (DBIS) nachgewiesen ist die digitale Quellenedition \u201eDer Sturm\u201c. Betreut wird das Projekt von der Akademie der Wissenschaften und der Literatur Mainz, welches sich zur Aufgabe gemacht hat, die umfangreichen, verstreuten digitalen Quellen des \u201eSturm\u201c in einer historisch-kritisch angelegten digitalen Edition zusammenzufassen. Die avantgardistische Zeitschrift \u201eDer Sturm\u201c wurde 1910 von Herwarth Walden gegr\u00fcndet. &hellip; <a href=\"https:\/\/blogs.fu-berlin.de\/bibliotheken\/2018\/09\/12\/freie-datenbank-zur-geschichte-der-internationalen-avantgarde\/\" class=\"more-link\"><span class=\"screen-reader-text\">\u201eFreie Datenbank zur Geschichte der internationalen Avantgarde\u201c<\/span> weiterlesen<\/a><\/p>\n","protected":false},"author":3459,"featured_media":0,"comment_status":"open","ping_status":"open","sticky":false,"template":"","format":"standard","meta":{"footnotes":""},"categories":[9,457,584805],"tags":[18537,24628,218474,218472,1214,218475,218476,24620,640,2919],"class_list":["post-23742","post","type-post","status-publish","format-standard","hentry","category-allgemein","category-digitale-bibliothek","category-was-ist-neu","tag-asthetik","tag-avantgarde","tag-dadaismus","tag-der-sturm","tag-expressionismus","tag-futurismus","tag-kubismus","tag-kunstzeitschrift","tag-lizenzfrei","tag-moderne"],"_links":{"self":[{"href":"https:\/\/blogs.fu-berlin.de\/bibliotheken\/wp-json\/wp\/v2\/posts\/23742","targetHints":{"allow":["GET"]}}],"collection":[{"href":"https:\/\/blogs.fu-berlin.de\/bibliotheken\/wp-json\/wp\/v2\/posts"}],"about":[{"href":"https:\/\/blogs.fu-berlin.de\/bibliotheken\/wp-json\/wp\/v2\/types\/post"}],"author":[{"embeddable":true,"href":"https:\/\/blogs.fu-berlin.de\/bibliotheken\/wp-json\/wp\/v2\/users\/3459"}],"replies":[{"embeddable":true,"href":"https:\/\/blogs.fu-berlin.de\/bibliotheken\/wp-json\/wp\/v2\/comments?post=23742"}],"version-history":[{"count":11,"href":"https:\/\/blogs.fu-berlin.de\/bibliotheken\/wp-json\/wp\/v2\/posts\/23742\/revisions"}],"predecessor-version":[{"id":23804,"href":"https:\/\/blogs.fu-berlin.de\/bibliotheken\/wp-json\/wp\/v2\/posts\/23742\/revisions\/23804"}],"wp:attachment":[{"href":"https:\/\/blogs.fu-berlin.de\/bibliotheken\/wp-json\/wp\/v2\/media?parent=23742"}],"wp:term":[{"taxonomy":"category","embeddable":true,"href":"https:\/\/blogs.fu-berlin.de\/bibliotheken\/wp-json\/wp\/v2\/categories?post=23742"},{"taxonomy":"post_tag","embeddable":true,"href":"https:\/\/blogs.fu-berlin.de\/bibliotheken\/wp-json\/wp\/v2\/tags?post=23742"}],"curies":[{"name":"wp","href":"https:\/\/api.w.org\/{rel}","templated":true}]}}