{"id":23746,"date":"2018-09-27T10:46:07","date_gmt":"2018-09-27T09:46:07","guid":{"rendered":"https:\/\/blogs.fu-berlin.de\/bibliotheken\/?p=23746"},"modified":"2021-09-14T08:02:41","modified_gmt":"2021-09-14T07:02:41","slug":"this-time-im-voting-europawahl-2019","status":"publish","type":"post","link":"https:\/\/blogs.fu-berlin.de\/bibliotheken\/2018\/09\/27\/this-time-im-voting-europawahl-2019\/","title":{"rendered":"This time I`m voting &#8211; Europawahl 2019"},"content":{"rendered":"\n<p><em><span class=\"has-inline-color has-bright-red-color\">Der Betrieb des \u201eDokumentationszentrums UN \u2013 EU\u201c wird eingestellt. Die entsprechende Literatur bleibt im Bestand und ist weiterhin zug\u00e4nglich.<\/span><\/em><\/p>\n\n\n<p><figure id=\"attachment_23751\" aria-describedby=\"caption-attachment-23751\" style=\"width: 300px\" class=\"wp-caption alignright\"><img loading=\"lazy\" decoding=\"async\" class=\"wp-image-23751 size-medium\" src=\"https:\/\/blogs.fu-berlin.de\/bibliotheken\/files\/2018\/09\/sara-kurfess-747821-unsplash-300x200.jpg\" alt=\"\" width=\"300\" height=\"200\" srcset=\"https:\/\/blogs.fu-berlin.de\/bibliotheken\/files\/2018\/09\/sara-kurfess-747821-unsplash-300x200.jpg 300w, https:\/\/blogs.fu-berlin.de\/bibliotheken\/files\/2018\/09\/sara-kurfess-747821-unsplash-1200x800.jpg 1200w\" sizes=\"auto, (max-width: 300px) 85vw, 300px\" \/><figcaption id=\"caption-attachment-23751\" class=\"wp-caption-text\">Titel: sara-kurfess-747821-unsplash.jpg; Quelle: unsplash.com\/@stereophototyp<\/figcaption><\/figure><\/p>\n<p>Vom 23.-26. Mai 2019 finden die Europawahlen statt.<\/p>\n<p>Die Teilnahme der EU-B\u00fcrgerinnen und -B\u00fcrger ist wichtiger als je zuvor. Es gibt viel zu tun in Europa, um die Idee <em>Europa<\/em> weiter auszubauen und vor allem zu sch\u00fctzen.<\/p>\n<p>Viele nationalistisch gepr\u00e4gte Bewegungen und auch Regierungen innerhalb Europas versuchen sich gegen die Europ\u00e4ische Union zu stemmen und ihre Existenz in Zweifel zu ziehen.<\/p>\n<p>Diesmal gen\u00fcgt es nicht, nur auf eine bessere Zukunft zu hoffen. Diesmal m\u00fcssen wir alle Verantwortung \u00fcbernehmen. Daher sagen Sie laut und deutlich &#8222;Diesmal w\u00e4hle ich&#8220;.<\/p>\n<p>Teilen Sie hierzu einfach diesen <a href=\"http:\/\/www.thistimeimvoting.eu\/?recruiter_id=61040\">Link<\/a> mit Ihrer Familie und Freunden, sei es per E-Mail oder in den sozialen Medien. Seien Sie ein Teil von Europa.<\/p>\n<p>Noch mehr Informationen zur EU bekommen Sie in unserem <a href=\"https:\/\/www.ub.fu-berlin.de\/bibliothek\/uneu\/\">Dokumentationszentrum UN-EU<\/a>.<\/p>","protected":false},"excerpt":{"rendered":"<p>Der Betrieb des \u201eDokumentationszentrums UN \u2013 EU\u201c wird eingestellt. Die entsprechende Literatur bleibt im Bestand und ist weiterhin zug\u00e4nglich. Vom 23.-26. Mai 2019 finden die Europawahlen statt. Die Teilnahme der EU-B\u00fcrgerinnen und -B\u00fcrger ist wichtiger als je zuvor. Es gibt viel zu tun in Europa, um die Idee Europa weiter auszubauen und vor allem zu &hellip; <a href=\"https:\/\/blogs.fu-berlin.de\/bibliotheken\/2018\/09\/27\/this-time-im-voting-europawahl-2019\/\" class=\"more-link\"><span class=\"screen-reader-text\">\u201eThis time I`m voting &#8211; Europawahl 2019\u201c<\/span> weiterlesen<\/a><\/p>\n","protected":false},"author":2907,"featured_media":0,"comment_status":"open","ping_status":"open","sticky":false,"template":"","format":"standard","meta":{"footnotes":""},"categories":[9],"tags":[218477,2458,1977,218381],"class_list":["post-23746","post","type-post","status-publish","format-standard","hentry","category-allgemein","tag-diesmal-waehle-ich","tag-dokumentationszentrum-un-eu","tag-europaische-union","tag-europawahl-2019"],"_links":{"self":[{"href":"https:\/\/blogs.fu-berlin.de\/bibliotheken\/wp-json\/wp\/v2\/posts\/23746","targetHints":{"allow":["GET"]}}],"collection":[{"href":"https:\/\/blogs.fu-berlin.de\/bibliotheken\/wp-json\/wp\/v2\/posts"}],"about":[{"href":"https:\/\/blogs.fu-berlin.de\/bibliotheken\/wp-json\/wp\/v2\/types\/post"}],"author":[{"embeddable":true,"href":"https:\/\/blogs.fu-berlin.de\/bibliotheken\/wp-json\/wp\/v2\/users\/2907"}],"replies":[{"embeddable":true,"href":"https:\/\/blogs.fu-berlin.de\/bibliotheken\/wp-json\/wp\/v2\/comments?post=23746"}],"version-history":[{"count":7,"href":"https:\/\/blogs.fu-berlin.de\/bibliotheken\/wp-json\/wp\/v2\/posts\/23746\/revisions"}],"predecessor-version":[{"id":29276,"href":"https:\/\/blogs.fu-berlin.de\/bibliotheken\/wp-json\/wp\/v2\/posts\/23746\/revisions\/29276"}],"wp:attachment":[{"href":"https:\/\/blogs.fu-berlin.de\/bibliotheken\/wp-json\/wp\/v2\/media?parent=23746"}],"wp:term":[{"taxonomy":"category","embeddable":true,"href":"https:\/\/blogs.fu-berlin.de\/bibliotheken\/wp-json\/wp\/v2\/categories?post=23746"},{"taxonomy":"post_tag","embeddable":true,"href":"https:\/\/blogs.fu-berlin.de\/bibliotheken\/wp-json\/wp\/v2\/tags?post=23746"}],"curies":[{"name":"wp","href":"https:\/\/api.w.org\/{rel}","templated":true}]}}