{"id":23754,"date":"2019-01-24T12:00:32","date_gmt":"2019-01-24T11:00:32","guid":{"rendered":"https:\/\/blogs.fu-berlin.de\/bibliotheken\/?p=23754"},"modified":"2021-09-14T07:42:46","modified_gmt":"2021-09-14T06:42:46","slug":"die-europawahl-2019-einige-formale-informationen","status":"publish","type":"post","link":"https:\/\/blogs.fu-berlin.de\/bibliotheken\/2019\/01\/24\/die-europawahl-2019-einige-formale-informationen\/","title":{"rendered":"Europawahl 2019: Formalien"},"content":{"rendered":"\n<p><em><span class=\"has-inline-color has-bright-red-color\">Der Betrieb des \u201eDokumentationszentrums UN \u2013 EU\u201c wird eingestellt. Die entsprechende Literatur bleibt im Bestand und ist weiterhin zug\u00e4nglich.<\/span><\/em><\/p>\n\n\n<figure id=\"attachment_23763\" aria-describedby=\"caption-attachment-23763\" style=\"width: 300px\" class=\"wp-caption alignright\"><img loading=\"lazy\" decoding=\"async\" class=\"wp-image-23763 size-medium\" src=\"https:\/\/blogs.fu-berlin.de\/bibliotheken\/files\/2018\/09\/flag-2608475_1920-300x200.jpg\" alt=\"\" width=\"300\" height=\"200\" srcset=\"https:\/\/blogs.fu-berlin.de\/bibliotheken\/files\/2018\/09\/flag-2608475_1920-300x200.jpg 300w, https:\/\/blogs.fu-berlin.de\/bibliotheken\/files\/2018\/09\/flag-2608475_1920-1200x800.jpg 1200w, https:\/\/blogs.fu-berlin.de\/bibliotheken\/files\/2018\/09\/flag-2608475_1920.jpg 1920w\" sizes=\"auto, (max-width: 300px) 85vw, 300px\" \/><figcaption id=\"caption-attachment-23763\" class=\"wp-caption-text\">https:\/\/pixabay.com\/de\/fahne-europa-flagge-eu-europ\u00e4isch-2608475\/<\/figcaption><\/figure>\n<p class=\"visible first last description\">Das Europ\u00e4ische Parlament wird als einziges EU-Organ alle f\u00fcnf Jahre demokratisch von den B\u00fcrgerinnen und B\u00fcrgern der EU gew\u00e4hlt. Vom 23.-26. Mai 2019 ist es wieder so weit.<\/p>\n<p>Deutschland hat (derzeit) 96 Sitze im Parlament zu besetzen. Insgesamt wird es nach der Europawahl 750 Europaabgeordnete plus den Pr\u00e4sidentin\/Pr\u00e4sidenten geben.<\/p>\n<h4>Formalien:<\/h4>\n<p>In Deutschland wird am 26. Mai gew\u00e4hlt. Die Bundesregierung hat am 19. September 2018 den 26. Mai 2019 als Wahltermin f\u00fcr die Europawahl in Deutschland bestimmt. (&#8222;<a href=\"https:\/\/www.bgbl.de\/xaver\/bgbl\/start.xav?start=\/\/*[@attr_id=%27%27]#__bgbl__%2F%2F*[%40attr_id%3D%27bgbl118s1646.pdf%27]__1541770391578\">Bekanntmachung des Wahltages f\u00fcr die Europawahl 2019&#8243;<\/a> vom 8. Oktober 2018)<\/p>\n<p>Die Wahl zum Europ\u00e4ischen Parlament erfolgt nicht nach einem einheitlichen europ\u00e4ischen Wahlrecht, sondern nach nationalen Wahlgesetzen. Das <a href=\"https:\/\/www.bundeswahlleiter.de\/dam\/jcr\/8681a209-6823-43d4-9165-cbd5b64b4043\/europawahlgesetz.pdf\">Europawahlgesetz<\/a> und die <a href=\"https:\/\/www.bundeswahlleiter.de\/dam\/jcr\/1fa20204-6169-4b33-aaf1-ff429ede3a5c\/europawahlordnung.pdf\">Europawahlordnung<\/a> regeln das Wahlverfahren in der Bundesrepublik Deutschland.<\/p>\n<p>Die Listen f\u00fcr ein Bundesland und gemeinsame Listen f\u00fcr alle L\u00e4nder sind beim Bundeswahlleiter sp\u00e4testens am 83. Tag vor der Wahl bis 18:00 Uhr schriftlich einzureichen (\u00a7 11 Absatz 1 Europawahlgesetz).<\/p>\n<h5><em>Die Wahl:<\/em><\/h5>\n<p>Die Abgeordneten werden in allgemeiner, unmittelbarer, freier und geheimer Wahl, unter Beachtung des <a href=\"https:\/\/eur-lex.europa.eu\/legal-content\/DE\/TXT\/?uri=celex%3A12012E%2FTXT\">Artikel 223<\/a> des Vertrags \u00fcber die Arbeitsweise der Europ\u00e4ischen Union und einige weitere europ\u00e4ischer und nationaler Vorschriften, bestimmt.<\/p>\n<p class=\"normal paragraph paragraph\">Im Anschluss an die Europawahl wird der Pr\u00e4sident der <a href=\"https:\/\/ec.europa.eu\/commission\/index_de\">Europ\u00e4ischen Kommission<\/a>, unter Ber\u00fccksichtigung des Ergebnisses der Europawahl, vom <a href=\"http:\/\/www.europarl.europa.eu\/portal\/de\">Europ\u00e4ischen Parlament<\/a> gew\u00e4hlt. Die EU-B\u00fcrgerin und -B\u00fcrger bestimmen damit auch den <a href=\"https:\/\/ec.europa.eu\/commission\/commissioners\/2014-2019\/president_de\">Kommissionspr\u00e4sidenten<\/a>.<\/p>\n<h5><em>In Deutschland:<\/em><\/h5>\n<p class=\"normal paragraph paragraph\">Jeder Wahlberechtigte verf\u00fcgt \u00fcber eine Stimme, mit der ein Listenvorschlag einer Partei oder einer politischen Vereinigung gew\u00e4hlt werden kann.<\/p>\n<h5><em>Wer darf w\u00e4hlen:<\/em><\/h5>\n<p>Jeder Deutsche und alle Staatsangeh\u00f6rigen aus den \u00fcbrigen EU-Mitgliedstaaten, die in Deutschland eine Wohnung haben oder sich gew\u00f6hnlich in Deutschland aufhalten (l\u00e4nger als 3 Monate). Sie m\u00fcssen mindestens 18 Jahre alt sein und im W\u00e4hlerverzeichnis Ihrer Heimatgemeinde eingetragen sein (kommen Sie aus einem anderen EU-Mitgliedstaat, m\u00fcssen Sie die Eintragung bei der Gemeinde beantragen). Allerdings m\u00fcssen Sie sich entscheiden wo Sie w\u00e4hlen: in Deutschland, deutsche Abgeordnete oder in Ihrem Herkunftsland, die entsprechenden Abgeordneten. Jeder Wahlberechtigte darf nur einmal w\u00e4hlen.<\/p>\n<div class=\"first last wysiwyg-paragraph\">\n<p>Die Wahlbenachrichtigung mit allen n\u00f6tigen Informationen bekommen Sie per Post zugeschickt.<\/p>\n<h5><em>Sie sind als Deutscher im EU-Ausland:<\/em><\/h5>\n<p class=\"normal paragraph paragraph\">Hier gilt das Verfahren wie in Deutschland. Sie k\u00f6nnen entweder per Briefwahl an ihrem letzten Hauptwohnsitz in Deutschland oder an ihrem derzeitigen Wohnort in einem anderen EU-Mitgliedstaat an der Wahl teilnehmen. Bei dem Wunsch vor Ort zu w\u00e4hlen, kontaktieren Sie fr\u00fchzeitig ihre lokalen Gemeindebeh\u00f6rden (nationales Wahlrecht).<br \/>Wichtig: W\u00e4hlen Sie im EU-Ausland, w\u00e4hlen Sie die Abgeordnenten dieses Landes &#8211; keine deutschen Abgeordneten des EU-Parlaments.<\/p>\n<p class=\"normal paragraph paragraph\">Am wichtigsten: Per Briefwahl kann jeder w\u00e4hlen unabh\u00e4ngig von seinem Lebensort!<\/p>\n<h5 class=\"normal paragraph paragraph\"><em>Wen kann man w\u00e4hlen? Wer kann sich zur Wahl stellen?<\/em><\/h5>\n<p class=\"normal paragraph paragraph\">Gew\u00e4hlt werden kann jeder, der bei den Europawahlen selbst w\u00e4hlen darf, da er automatisch das <a href=\"https:\/\/www.wahlrecht.de\/lexikon\/aktives-passives-wahlrecht.html\">passive Wahlrecht<\/a> hat, um sich um einen Abgeordnetensitz im Europ\u00e4ischen Parlament zu bewerben.<\/p>\n<p class=\"normal paragraph paragraph\">Kandidieren k\u00f6nnen Sie allerdings nur auf Bundes- oder Landeslisten von Parteien oder sonstigen politischen Vereinigungen. Die deutschen und europ\u00e4ischen Wahlgesetze schreiben vor, dass sich die Bewerberinnen und Bewerber auf Parteitagen oder Mitgliederversammlungen einem demokratischen Auswahlverfahren stellen m\u00fcssen. In geheimer Wahl m\u00fcssen Kandidatinnen und Kandidaten sowie die jeweiligen Listenpl\u00e4tze ermittelt werden.<\/p>\n<p>Seit 2004 gibt es keine Doppelmandate mehr &#8211; entweder Bundestag oder Europ\u00e4isches Parlament. Auf kommunaler Ebene (z. B. Stadt-, Gemeinde- oder Kreisrat) k\u00f6nnen Sie weiterhin beides aus\u00fcben.<\/p>\n<p class=\"normal paragraph paragraph\">Noch mehr Informationen zur EU bekommen Sie in unserem <a href=\"https:\/\/www.ub.fu-berlin.de\/bibliothek\/uneu\/\">Dokumentationszentrum UN-EU<\/a>.<\/p>\n<p>\u00a0<\/p>\n<\/div>","protected":false},"excerpt":{"rendered":"<p>Der Betrieb des \u201eDokumentationszentrums UN \u2013 EU\u201c wird eingestellt. Die entsprechende Literatur bleibt im Bestand und ist weiterhin zug\u00e4nglich. Das Europ\u00e4ische Parlament wird als einziges EU-Organ alle f\u00fcnf Jahre demokratisch von den B\u00fcrgerinnen und B\u00fcrgern der EU gew\u00e4hlt. Vom 23.-26. Mai 2019 ist es wieder so weit. Deutschland hat (derzeit) 96 Sitze im Parlament zu &hellip; <a href=\"https:\/\/blogs.fu-berlin.de\/bibliotheken\/2019\/01\/24\/die-europawahl-2019-einige-formale-informationen\/\" class=\"more-link\"><span class=\"screen-reader-text\">\u201eEuropawahl 2019: Formalien\u201c<\/span> weiterlesen<\/a><\/p>\n","protected":false},"author":2907,"featured_media":0,"comment_status":"open","ping_status":"open","sticky":false,"template":"","format":"standard","meta":{"footnotes":""},"categories":[9],"tags":[2458,56945,56944,218381],"class_list":["post-23754","post","type-post","status-publish","format-standard","hentry","category-allgemein","tag-dokumentationszentrum-un-eu","tag-europaeische-kommission","tag-europaeisches-parlament","tag-europawahl-2019"],"_links":{"self":[{"href":"https:\/\/blogs.fu-berlin.de\/bibliotheken\/wp-json\/wp\/v2\/posts\/23754","targetHints":{"allow":["GET"]}}],"collection":[{"href":"https:\/\/blogs.fu-berlin.de\/bibliotheken\/wp-json\/wp\/v2\/posts"}],"about":[{"href":"https:\/\/blogs.fu-berlin.de\/bibliotheken\/wp-json\/wp\/v2\/types\/post"}],"author":[{"embeddable":true,"href":"https:\/\/blogs.fu-berlin.de\/bibliotheken\/wp-json\/wp\/v2\/users\/2907"}],"replies":[{"embeddable":true,"href":"https:\/\/blogs.fu-berlin.de\/bibliotheken\/wp-json\/wp\/v2\/comments?post=23754"}],"version-history":[{"count":18,"href":"https:\/\/blogs.fu-berlin.de\/bibliotheken\/wp-json\/wp\/v2\/posts\/23754\/revisions"}],"predecessor-version":[{"id":29239,"href":"https:\/\/blogs.fu-berlin.de\/bibliotheken\/wp-json\/wp\/v2\/posts\/23754\/revisions\/29239"}],"wp:attachment":[{"href":"https:\/\/blogs.fu-berlin.de\/bibliotheken\/wp-json\/wp\/v2\/media?parent=23754"}],"wp:term":[{"taxonomy":"category","embeddable":true,"href":"https:\/\/blogs.fu-berlin.de\/bibliotheken\/wp-json\/wp\/v2\/categories?post=23754"},{"taxonomy":"post_tag","embeddable":true,"href":"https:\/\/blogs.fu-berlin.de\/bibliotheken\/wp-json\/wp\/v2\/tags?post=23754"}],"curies":[{"name":"wp","href":"https:\/\/api.w.org\/{rel}","templated":true}]}}