{"id":23769,"date":"2018-09-22T09:00:46","date_gmt":"2018-09-22T08:00:46","guid":{"rendered":"https:\/\/blogs.fu-berlin.de\/bibliotheken\/?p=23769"},"modified":"2018-09-24T08:21:59","modified_gmt":"2018-09-24T07:21:59","slug":"dr-andreas-brandtner-ist-der-neue-direktor-des-fu-bibliothekssystems","status":"publish","type":"post","link":"https:\/\/blogs.fu-berlin.de\/bibliotheken\/2018\/09\/22\/dr-andreas-brandtner-ist-der-neue-direktor-des-fu-bibliothekssystems\/","title":{"rendered":"Dr. Andreas Brandtner ist neuer Direktor des FU-Bibliothekssystems"},"content":{"rendered":"<p>In der Direktion des FU-Bibliothekssystems hat dieses Jahr ein Wechsel stattgefunden. Dr. <a href=\"https:\/\/www.fu-berlin.de\/sites\/ub\/ueber-uns\/wiss_dienst\/wiss_dienst_personen\/brandtner\/index.html\">Andreas Brandtner<\/a> ist der neue Direktor der Universit\u00e4tsbibliothek sowie des Bibliothekssystems der Freien Universit\u00e4t Berlin.<\/p>\n<p>W\u00e4hrend bereits der ehemalige Direktor <a href=\"https:\/\/www.fu-berlin.de\/sites\/70jahre\/gesichter\/personen\/kende\/index.html\">Jiri Kende<\/a> den digitalen Wandel der FU-Bibliotheken nicht nur begleitet, sondern auch ma\u00dfgeblich organisiert hat, wird Dr. Brandtner diese Transformation nun fortf\u00fchren und an die neuen Bedingungen des Informationszeitalters anpassen.<\/p>\n<p>In einem Gespr\u00e4ch, das S\u00f6ren Maahs mit dem neuen Bibliotheksdirektor f\u00fcr das FU-eigene Online-Magazin campus.leben gef\u00fchrt hat, \u00e4u\u00dfert sich Dr. Brandtner skeptisch gegen\u00fcber dem \u201et\u00e4uschendem Gef\u00fchl allwissender Informiertheit\u201c, welches die Allgegenw\u00e4rtigkeit von Suchmaschinen mit sich bringt. Deshalb sieht er in der Vermittlung von Informationskompetenz eine Kernaufgabe von Universit\u00e4tsbibliotheken. Weitere Schwerpunkte seiner Arbeit werden der weitere Ausbau des Open Access Modells, also der freie Zugang zu wissenschaftlichem Wissen, als auch die Zusammenf\u00fchrung von Universit\u00e4tsbibliothek und dem Center f\u00fcr Digitale Systeme (CeDiS) sein, um so den aktuellen Anforderungen moderner Wissensvermittlung zu entsprechen.<\/p>\n<p><a href=\"https:\/\/www.fu-berlin.de\/campusleben\/vorgestellt\/2018\/180822-Andreas-Brandtner\/index.html\">Den ganzen Artikel \u201eDer digitale Wandel ist Fakt\u201c<\/a> findet man auf den Seiten von campus.leben.<\/p>\n<p>In den <a href=\"https:\/\/www.fu-berlin.de\/sites\/ub\/lernangebote\/index.html\">Lernangeboten der Universit\u00e4tsbibliothek<\/a> wird Informationskompetenz geschult, zum Beispiel wie Medien richtig eingesch\u00e4tzt und sinnvoll genutzt werden. Die Kurse sind auch im <a href=\"https:\/\/www.fu-berlin.de\/vv\/de\/fach?id=400000&amp;sm=411506\">Online-Vorlesungsverzeichnis<\/a> (s. Abschnitt &#8222;Lernangebote zum Erwerb von Informationskompetenz&#8220;) vertreten.<\/p>\n","protected":false},"excerpt":{"rendered":"<p>In der Direktion des FU-Bibliothekssystems hat dieses Jahr ein Wechsel stattgefunden. Dr. Andreas Brandtner ist der neue Direktor der Universit\u00e4tsbibliothek sowie des Bibliothekssystems der Freien Universit\u00e4t Berlin. W\u00e4hrend bereits der ehemalige Direktor Jiri Kende den digitalen Wandel der FU-Bibliotheken nicht nur begleitet, sondern auch ma\u00dfgeblich organisiert hat, wird Dr. Brandtner diese Transformation nun fortf\u00fchren und &hellip; <a href=\"https:\/\/blogs.fu-berlin.de\/bibliotheken\/2018\/09\/22\/dr-andreas-brandtner-ist-der-neue-direktor-des-fu-bibliothekssystems\/\" class=\"more-link\"><span class=\"screen-reader-text\">\u201eDr. Andreas Brandtner ist neuer Direktor des FU-Bibliothekssystems\u201c<\/span> weiterlesen<\/a><\/p>\n","protected":false},"author":3459,"featured_media":0,"comment_status":"open","ping_status":"open","sticky":false,"template":"","format":"standard","meta":{"footnotes":""},"categories":[9,601],"tags":[218497,191242,218498,57467],"class_list":["post-23769","post","type-post","status-publish","format-standard","hentry","category-allgemein","category-universitatsbibliothek","tag-andreas-brandtner","tag-informations-kompetenz","tag-lernangebote","tag-universitatsbibliothek"],"_links":{"self":[{"href":"https:\/\/blogs.fu-berlin.de\/bibliotheken\/wp-json\/wp\/v2\/posts\/23769","targetHints":{"allow":["GET"]}}],"collection":[{"href":"https:\/\/blogs.fu-berlin.de\/bibliotheken\/wp-json\/wp\/v2\/posts"}],"about":[{"href":"https:\/\/blogs.fu-berlin.de\/bibliotheken\/wp-json\/wp\/v2\/types\/post"}],"author":[{"embeddable":true,"href":"https:\/\/blogs.fu-berlin.de\/bibliotheken\/wp-json\/wp\/v2\/users\/3459"}],"replies":[{"embeddable":true,"href":"https:\/\/blogs.fu-berlin.de\/bibliotheken\/wp-json\/wp\/v2\/comments?post=23769"}],"version-history":[{"count":11,"href":"https:\/\/blogs.fu-berlin.de\/bibliotheken\/wp-json\/wp\/v2\/posts\/23769\/revisions"}],"predecessor-version":[{"id":23913,"href":"https:\/\/blogs.fu-berlin.de\/bibliotheken\/wp-json\/wp\/v2\/posts\/23769\/revisions\/23913"}],"wp:attachment":[{"href":"https:\/\/blogs.fu-berlin.de\/bibliotheken\/wp-json\/wp\/v2\/media?parent=23769"}],"wp:term":[{"taxonomy":"category","embeddable":true,"href":"https:\/\/blogs.fu-berlin.de\/bibliotheken\/wp-json\/wp\/v2\/categories?post=23769"},{"taxonomy":"post_tag","embeddable":true,"href":"https:\/\/blogs.fu-berlin.de\/bibliotheken\/wp-json\/wp\/v2\/tags?post=23769"}],"curies":[{"name":"wp","href":"https:\/\/api.w.org\/{rel}","templated":true}]}}