{"id":23784,"date":"2018-09-11T12:30:31","date_gmt":"2018-09-11T11:30:31","guid":{"rendered":"https:\/\/blogs.fu-berlin.de\/bibliotheken\/?p=23784"},"modified":"2021-09-14T08:04:27","modified_gmt":"2021-09-14T07:04:27","slug":"70-jahre-un-genozid-konvention-eine-erinnerung-an-raphael-lemkin","status":"publish","type":"post","link":"https:\/\/blogs.fu-berlin.de\/bibliotheken\/2018\/09\/11\/70-jahre-un-genozid-konvention-eine-erinnerung-an-raphael-lemkin\/","title":{"rendered":"70 Jahre UN-Genozid-Konvention &#8211; Eine Erinnerung an Raphael Lemkin"},"content":{"rendered":"\n<p><em><span class=\"has-inline-color has-bright-red-color\">Der Betrieb des \u201eDokumentationszentrums UN \u2013 EU\u201c wird eingestellt. Die entsprechende Literatur bleibt im Bestand und ist weiterhin zug\u00e4nglich.<\/span><\/em><\/p>\n\n\n<p>Das <a href=\"https:\/\/www.institut-fuer-menschenrechte.de\/startseite\/\">Deutsche Zenrum f\u00fcr Menschenrechte<\/a> l\u00e4dt am 27. September 2018, um 18:30 Uhr zu einer Lesung &#8222;70 Jahre UN-Genozid-Konvention &#8211; Eine Erinnerung an Raphael Lemkin&#8220; ein.<\/p>\n<p>Wenn wir heutzutage den Begriff \u201eGenozid\u201c verwenden, zitieren wir Raphael Lemkin. Seinem unerm\u00fcdlichen Einsatz ist es zu verdanken, dass vor fast 70 Jahren, am 9. Dezember 1948, die Vereinten Nationen das \u201e\u00dcbereinkommen zur Verh\u00fctung und Bestrafung des V\u00f6lkermords\u201c, kurz&nbsp; Genozid-Konvention, verabschiedeten.<\/p>\n<p>Ulla Kux stellt in der Lesung das Leben von Raphael Lemkin vor. Im Anschluss findet ein Gespr\u00e4ch mit ihr, Dr. Wolfgang S. Heinz (Senior Policy Adviser des Deutschen Instituts f\u00fcr Menschenrechte) und dem Publikum statt. Zum Ausklang der Veranstaltung wird zu Wein und Brezeln eingeladen.<\/p>\n<p>Bitte nutzen Sie das <a href=\"https:\/\/www.institut-fuer-menschenrechte.de\/aktuell\/veranstaltungen\/anmeldeformular-lesung-70-jahre-un-genozid-konvention\/\">Anmeldeformular<\/a> und melden sich bis zum 14. September 2018 f\u00fcr die Veranstaltung an.<\/p>\n<p>Veranstaltungsort ist das: Deutsches Institut f\u00fcr Menschenrechte<br>\nBibliothek I Aufgang A, 7. Stock (Fahrstuhl), Zimmerstra\u00dfe 26\/27, 10969 Berlin<\/p>\n<p>Alle weiteren Informationen erhalten Sie \u00fcber: Anne Sieberns<br>\nZimmerstra\u00dfe 26\/27, 10969 Berlin, Tel.: 030 259 359-10, sieberns@institut-fuermenschenrechte.de<\/p>\n<p>Noch mehr Informationen zur UN bekommen Sie in unserem <a href=\"https:\/\/www.ub.fu-berlin.de\/bibliothek\/uneu\/\">Dokumentationszentrum UN-EU<\/a>.<\/p>","protected":false},"excerpt":{"rendered":"<p>Der Betrieb des \u201eDokumentationszentrums UN \u2013 EU\u201c wird eingestellt. Die entsprechende Literatur bleibt im Bestand und ist weiterhin zug\u00e4nglich. Das Deutsche Zenrum f\u00fcr Menschenrechte l\u00e4dt am 27. September 2018, um 18:30 Uhr zu einer Lesung &#8222;70 Jahre UN-Genozid-Konvention &#8211; Eine Erinnerung an Raphael Lemkin&#8220; ein. Wenn wir heutzutage den Begriff \u201eGenozid\u201c verwenden, zitieren wir Raphael &hellip; <a href=\"https:\/\/blogs.fu-berlin.de\/bibliotheken\/2018\/09\/11\/70-jahre-un-genozid-konvention-eine-erinnerung-an-raphael-lemkin\/\" class=\"more-link\"><span class=\"screen-reader-text\">\u201e70 Jahre UN-Genozid-Konvention &#8211; Eine Erinnerung an Raphael Lemkin\u201c<\/span> weiterlesen<\/a><\/p>\n","protected":false},"author":2907,"featured_media":0,"comment_status":"open","ping_status":"open","sticky":false,"template":"","format":"standard","meta":{"footnotes":""},"categories":[9,70],"tags":[218481,2458,218483,218484,218482],"class_list":["post-23784","post","type-post","status-publish","format-standard","hentry","category-allgemein","category-veranstaltungen","tag-deutsches-zentrum-fuer-menschenrechte","tag-dokumentationszentrum-un-eu","tag-genozid-konvention","tag-raphael-lemkin","tag-uebereinkommen-zur-verhuetung-und-bestrafung-des-voelkermords"],"_links":{"self":[{"href":"https:\/\/blogs.fu-berlin.de\/bibliotheken\/wp-json\/wp\/v2\/posts\/23784","targetHints":{"allow":["GET"]}}],"collection":[{"href":"https:\/\/blogs.fu-berlin.de\/bibliotheken\/wp-json\/wp\/v2\/posts"}],"about":[{"href":"https:\/\/blogs.fu-berlin.de\/bibliotheken\/wp-json\/wp\/v2\/types\/post"}],"author":[{"embeddable":true,"href":"https:\/\/blogs.fu-berlin.de\/bibliotheken\/wp-json\/wp\/v2\/users\/2907"}],"replies":[{"embeddable":true,"href":"https:\/\/blogs.fu-berlin.de\/bibliotheken\/wp-json\/wp\/v2\/comments?post=23784"}],"version-history":[{"count":11,"href":"https:\/\/blogs.fu-berlin.de\/bibliotheken\/wp-json\/wp\/v2\/posts\/23784\/revisions"}],"predecessor-version":[{"id":29282,"href":"https:\/\/blogs.fu-berlin.de\/bibliotheken\/wp-json\/wp\/v2\/posts\/23784\/revisions\/29282"}],"wp:attachment":[{"href":"https:\/\/blogs.fu-berlin.de\/bibliotheken\/wp-json\/wp\/v2\/media?parent=23784"}],"wp:term":[{"taxonomy":"category","embeddable":true,"href":"https:\/\/blogs.fu-berlin.de\/bibliotheken\/wp-json\/wp\/v2\/categories?post=23784"},{"taxonomy":"post_tag","embeddable":true,"href":"https:\/\/blogs.fu-berlin.de\/bibliotheken\/wp-json\/wp\/v2\/tags?post=23784"}],"curies":[{"name":"wp","href":"https:\/\/api.w.org\/{rel}","templated":true}]}}