{"id":23808,"date":"2018-09-12T18:00:48","date_gmt":"2018-09-12T17:00:48","guid":{"rendered":"https:\/\/blogs.fu-berlin.de\/bibliotheken\/?p=23808"},"modified":"2018-09-24T10:30:23","modified_gmt":"2018-09-24T09:30:23","slug":"deutscher-buchpreis-2018-die-sechs-titel-der-shortlist-stehen-fest","status":"publish","type":"post","link":"https:\/\/blogs.fu-berlin.de\/bibliotheken\/2018\/09\/12\/deutscher-buchpreis-2018-die-sechs-titel-der-shortlist-stehen-fest\/","title":{"rendered":"Deutscher Buchpreis 2018 &#8211; Die sechs Titel der Shortlist stehen fest"},"content":{"rendered":"<p>Der B\u00f6rsenverein des deutschen Buchhandels hat <a href=\"https:\/\/www.deutscher-buchpreis.de\/nominiert\/#section-shortlist\" target=\"_blank\" rel=\"noopener\">die sechs Finalisten des Deutschen Buchpreis<\/a> bekanntgegeben. Vier Autorinnen und zwei Autoren konnten sich mit ihren Romanen unter knapp zweihundert Titeln durchsetzen. Damit \u00fcberwiegt zum ersten Mal in der Geschichte des seit 2005 vergebenen Preises die Zahl der Autorinnen gegen\u00fcber der der Autoren. <a href=\"https:\/\/www.deutscher-buchpreis.de\/nominiert\/#section-shortlist\" target=\"_blank\" rel=\"noopener\"><img loading=\"lazy\" decoding=\"async\" class=\"alignright size-full wp-image-23587\" src=\"https:\/\/blogs.fu-berlin.de\/bibliotheken\/files\/2017\/08\/Buchpreis-2018.jpg\" alt=\"\" width=\"189\" height=\"151\" \/><\/a><\/p>\n<p>Auf der Shortlist finden sich nun (UPDATE: 24.09.2018):<\/p>\n<ul>\n<li>Mar\u00eda Cecilia Barbetta: <a href=\"https:\/\/fu-berlin.hosted.exlibrisgroup.com\/primo-explore\/fulldisplay?docid=FUB_ALMA_DS21999292580002883&amp;context=L&amp;vid=FUB&amp;search_scope=FUB_Blended_2&amp;tab=fub&amp;lang=de_DE\" target=\"_blank\" rel=\"noopener\">\u201eNachtleuchten\u201c<\/a> (S. Fischer, August 2018)<\/li>\n<li>Maxim Biller: <a href=\"https:\/\/fu-berlin.hosted.exlibrisgroup.com\/primo-explore\/fulldisplay?docid=FUB_ALMA_DS21999122050002883&amp;context=L&amp;vid=FUB&amp;search_scope=FUBkat&amp;tab=fub_local&amp;lang=de_DE\" target=\"_blank\" rel=\"noopener\">\u201eSechs Koffer\u201c<\/a> (Kiepenheuer &amp; Witsch, August 2018)<\/li>\n<li>Nino Haratischwili: <a href=\"https:\/\/fu-berlin.hosted.exlibrisgroup.com\/primo-explore\/fulldisplay?docid=FUB_ALMA_DS21999292550002883&amp;context=L&amp;vid=FUB&amp;search_scope=FUB_Blended_2&amp;tab=fub&amp;lang=de_DE\">\u201eDie Katze und der General\u201c<\/a> (Frankfurter Verlagsanstalt, August 2018)<\/li>\n<li>Inger-Maria Mahlke: <a href=\"https:\/\/fu-berlin.hosted.exlibrisgroup.com\/primo-explore\/fulldisplay?docid=FUB_ALMA_DS21999513210002883&amp;context=L&amp;vid=FUB&amp;search_scope=FUB_Blended_2&amp;tab=fub&amp;lang=de_DE\" target=\"_blank\" rel=\"noopener\">\u201eArchipel\u201c<\/a> (Rowohlt, August 2018)<\/li>\n<li>Susanne R\u00f6ckel: <a href=\"https:\/\/fu-berlin.hosted.exlibrisgroup.com\/primo-explore\/fulldisplay?docid=FUB_ALMA_DS21994404610002883&amp;context=L&amp;vid=FUB&amp;search_scope=FUBkat&amp;tab=fub_local&amp;lang=de_DE\" target=\"_blank\" rel=\"noopener\">\u201eDer Vogelgott\u201c<\/a> (Jung und Jung, Februar 2018)<\/li>\n<li>Stephan Thome: \u201eGott der Barbaren\u201c (Suhrkamp, September 2018) \u2013 <a href=\"https:\/\/fu-berlin.hosted.exlibrisgroup.com\/primo-explore\/fulldisplay?docid=FUB_ALMA_DS21999513390002883&amp;context=L&amp;vid=FUB&amp;search_scope=FUBkat&amp;tab=fub_local&amp;lang=de_DE\" target=\"_blank\" rel=\"noopener\">in Bearbeitung<\/a><\/li>\n<\/ul>\n<p>Als unausgesprochenes Motto \u00fcber die deutschprachige Literatur dieses Jahres st\u00fcnde der ber\u00fchmte Satz William Faulkners: \u201eDas Vergangene ist nicht tot, es ist nicht einmal vergangen\u201c, hei\u00dft es auf der offiziellen Website des Buchpreises. Alle diesj\u00e4hrigen Romane folgten \u201efabulierend, spekulierend, verspielt\u201c unterschiedlichen Spuren in die Vergangenheit und in \u201emythische Schichten der Wirklichkeit\u201c.<\/p>\n<figure id=\"attachment_23822\" aria-describedby=\"caption-attachment-23822\" style=\"width: 5508px\" class=\"wp-caption alignnone\"><img loading=\"lazy\" decoding=\"async\" class=\"wp-image-23822 size-full\" src=\"https:\/\/blogs.fu-berlin.de\/bibliotheken\/files\/2018\/09\/Shortlist2018_Ruecken_c_Christina-Weiss.jpg\" alt=\"\" width=\"5508\" height=\"3672\" srcset=\"https:\/\/blogs.fu-berlin.de\/bibliotheken\/files\/2018\/09\/Shortlist2018_Ruecken_c_Christina-Weiss.jpg 5508w, https:\/\/blogs.fu-berlin.de\/bibliotheken\/files\/2018\/09\/Shortlist2018_Ruecken_c_Christina-Weiss-300x200.jpg 300w, https:\/\/blogs.fu-berlin.de\/bibliotheken\/files\/2018\/09\/Shortlist2018_Ruecken_c_Christina-Weiss-1200x800.jpg 1200w\" sizes=\"auto, (max-width: 709px) 85vw, (max-width: 909px) 67vw, (max-width: 1362px) 62vw, 840px\" \/><figcaption id=\"caption-attachment-23822\" class=\"wp-caption-text\">Das sind die sechs Romane der Shortlist. Quelle: deutscher-buchpreis.de (\u00a9 Christina Wei\u00df)<\/figcaption><\/figure>\n<p>Vor knapp vier Wochen hatte die siebenk\u00f6pfige Jury, bestehend aus\u00a0Christoph Bartmann ( Leiter des Goethe-Instituts Warschau),\u00a0Luzia Braun (stellvertretende Leiterin des ZDF Kulturmagazins \u201easpekte\u201c),\u00a0Tanja Graf (Leiterin des Literaturhaus M\u00fcnchen),\u00a0Paul Jandl (freier Kritiker),\u00a0Uwe Kalkowski (Literaturblogger \u201eKaffeehaussitzer\u201c), der Buchh\u00e4ndlerin Marianne Sax und Christine L\u00f6tscher bereits eine erste <a href=\"https:\/\/blogs.fu-berlin.de\/bibliotheken\/2018\/08\/14\/longlist-fuer-den-deutschen-buchpreis-2018-veroeffentlicht\/\" target=\"_blank\" rel=\"noopener\">Longlist von 20 Titeln<\/a> erstellt. Christin L\u00f6tscher ist die Sprecherin der Jury und als Fellow der <a href=\"http:\/\/www.cinepoetics.fu-berlin.de\/\" target=\"_blank\" rel=\"noopener\">Kolleg-Forschergruppe Cinepoetics<\/a> mit der Freien Universit\u00e4t Berlin verbunden.<\/p>\n<h3>Unter den Finalisten tummeln sich drei ehemalige FU-Studenten<\/h3>\n<p>Doch die Jurysprecherin ist nicht die Einzige aus dem FU-Kosmos. Ganze drei Finalisten, also die H\u00e4lfte der Shortlist, sind ehemalige FU-Angeh\u00f6rige. Inger-Maria Mahlke studierte an der FU Rechtswissenschaft, Susanne R\u00f6ckel Germanistik und Romanistik und Stephan Thome Sinologie. Die Chancen, dass der n\u00e4chste oder die n\u00e4chste GewinnerIn des Deutschen Buchpreises ein ehemaliges Mitglied der Freien Universit\u00e4t ist, stehen damit bei f\u00fcnzig Prozent.<\/p>\n<p>Wer genau als Siegerin oder Sieger das Preisgeld von 25.000 Euro mit nach Hause nehmen darf, wird am 8. Oktober 2018 bekanntgegeben. Dann n\u00e4mlich wird wie jedes Jahr zum Auftakt der Frankfurter Buchmesse der deutschsprachige \u201eRoman des Jahres\u201c gek\u00fcrt. Die anderen f\u00fcnf Finalisten gehen aber nicht leer aus. Jeder von ihnen erh\u00e4lt 2.500 Euro.<\/p>\n<p>2017 wurde der \u00f6sterreichische Schriftsteller Robert Menasse f\u00fcr seinen EU-Roman <a href=\"https:\/\/fu-berlin.hosted.exlibrisgroup.com\/primo-explore\/fulldisplay?docid=FUB_ALMA_DS21978600130002883&amp;context=L&amp;vid=FUB&amp;lang=de_DE&amp;search_scope=FUB_Blended_2&amp;adaptor=Local%20Search%20Engine&amp;tab=fub&amp;query=any,contains,die%20hauptstadt%20menasse&amp;sortby=rank&amp;facet=tlevel,include,printmedien&amp;offset=0\" target=\"_blank\" rel=\"noopener\">\u201eDie Hauptstadt\u201c<\/a> mit dem Deutschen Buchpreis ausgezeichnet.<\/p>\n","protected":false},"excerpt":{"rendered":"<p>Der B\u00f6rsenverein des deutschen Buchhandels hat die sechs Finalisten des Deutschen Buchpreis bekanntgegeben. Vier Autorinnen und zwei Autoren konnten sich mit ihren Romanen unter knapp zweihundert Titeln durchsetzen. Damit \u00fcberwiegt zum ersten Mal in der Geschichte des seit 2005 vergebenen Preises die Zahl der Autorinnen gegen\u00fcber der der Autoren. Auf der Shortlist finden sich nun &hellip; <a href=\"https:\/\/blogs.fu-berlin.de\/bibliotheken\/2018\/09\/12\/deutscher-buchpreis-2018-die-sechs-titel-der-shortlist-stehen-fest\/\" class=\"more-link\"><span class=\"screen-reader-text\">\u201eDeutscher Buchpreis 2018 &#8211; Die sechs Titel der Shortlist stehen fest\u201c<\/span> weiterlesen<\/a><\/p>\n","protected":false},"author":3459,"featured_media":0,"comment_status":"open","ping_status":"open","sticky":false,"template":"","format":"standard","meta":{"footnotes":""},"categories":[9,604,492],"tags":[57543,1132,218486,218485],"class_list":["post-23808","post","type-post","status-publish","format-standard","hentry","category-allgemein","category-ins-netz-geschaut","category-literaturtipps","tag-deutscher-buchpreis","tag-frankfurter-buchmesse","tag-roman-des-jahres","tag-shortlist-2018"],"_links":{"self":[{"href":"https:\/\/blogs.fu-berlin.de\/bibliotheken\/wp-json\/wp\/v2\/posts\/23808","targetHints":{"allow":["GET"]}}],"collection":[{"href":"https:\/\/blogs.fu-berlin.de\/bibliotheken\/wp-json\/wp\/v2\/posts"}],"about":[{"href":"https:\/\/blogs.fu-berlin.de\/bibliotheken\/wp-json\/wp\/v2\/types\/post"}],"author":[{"embeddable":true,"href":"https:\/\/blogs.fu-berlin.de\/bibliotheken\/wp-json\/wp\/v2\/users\/3459"}],"replies":[{"embeddable":true,"href":"https:\/\/blogs.fu-berlin.de\/bibliotheken\/wp-json\/wp\/v2\/comments?post=23808"}],"version-history":[{"count":32,"href":"https:\/\/blogs.fu-berlin.de\/bibliotheken\/wp-json\/wp\/v2\/posts\/23808\/revisions"}],"predecessor-version":[{"id":23918,"href":"https:\/\/blogs.fu-berlin.de\/bibliotheken\/wp-json\/wp\/v2\/posts\/23808\/revisions\/23918"}],"wp:attachment":[{"href":"https:\/\/blogs.fu-berlin.de\/bibliotheken\/wp-json\/wp\/v2\/media?parent=23808"}],"wp:term":[{"taxonomy":"category","embeddable":true,"href":"https:\/\/blogs.fu-berlin.de\/bibliotheken\/wp-json\/wp\/v2\/categories?post=23808"},{"taxonomy":"post_tag","embeddable":true,"href":"https:\/\/blogs.fu-berlin.de\/bibliotheken\/wp-json\/wp\/v2\/tags?post=23808"}],"curies":[{"name":"wp","href":"https:\/\/api.w.org\/{rel}","templated":true}]}}