{"id":23885,"date":"2018-09-25T12:30:55","date_gmt":"2018-09-25T11:30:55","guid":{"rendered":"https:\/\/blogs.fu-berlin.de\/bibliotheken\/?p=23885"},"modified":"2021-09-14T08:03:14","modified_gmt":"2021-09-14T07:03:14","slug":"a-future-stolen-young-and-out-of-school","status":"publish","type":"post","link":"https:\/\/blogs.fu-berlin.de\/bibliotheken\/2018\/09\/25\/a-future-stolen-young-and-out-of-school\/","title":{"rendered":"A future stolen: young and out-of-school"},"content":{"rendered":"\n<p><em><span class=\"has-inline-color has-bright-red-color\">Der Betrieb des \u201eDokumentationszentrums UN \u2013 EU\u201c wird eingestellt. Die entsprechende Literatur bleibt im Bestand und ist weiterhin zug\u00e4nglich.<\/span><\/em><\/p>\n\n\n<p><figure id=\"attachment_23890\" aria-describedby=\"caption-attachment-23890\" style=\"width: 300px\" class=\"wp-caption alignright\"><img loading=\"lazy\" decoding=\"async\" class=\"wp-image-23890 size-medium\" src=\"https:\/\/blogs.fu-berlin.de\/bibliotheken\/files\/2018\/09\/UN01998221-300x200.jpg\" alt=\"\" width=\"300\" height=\"200\" srcset=\"https:\/\/blogs.fu-berlin.de\/bibliotheken\/files\/2018\/09\/UN01998221-300x200.jpg 300w, https:\/\/blogs.fu-berlin.de\/bibliotheken\/files\/2018\/09\/UN01998221-1200x800.jpg 1200w, https:\/\/blogs.fu-berlin.de\/bibliotheken\/files\/2018\/09\/UN01998221.jpg 1536w\" sizes=\"auto, (max-width: 300px) 85vw, 300px\" \/><figcaption id=\"caption-attachment-23890\" class=\"wp-caption-text\"><span id=\"a1.1.3.5.15.3:Copyright_Lbl\" class=\"Lbl\">\u00a9 <a href=\"https:\/\/weshare.unicef.org\/Package\/2AMZIFVG44ZZ\">UNICEF\/UN0199822\/Rich<\/a><\/span><\/figcaption><\/figure><\/p>\n<p>Sustainable Development Goal Nr. 4 &#8211; Quality Education: &#8222;Ensure inclusive and quality <strong>education<\/strong> <strong>for all<\/strong> and promote lifelong learning.&#8220;<\/p>\n<p>Kurz vor dem Weltkindertag (20. September) erschien der UNICEF-Report <a href=\"https:\/\/data.unicef.org\/wp-content\/uploads\/2018\/09\/Out-of-school-children-Fact-Sheet-individual-pages.pdf\">A future stolen: young and out-of-school<\/a>. Er befasst sich mit der Bildungssituation von Kindern und Jugendlichen im Alter zwischen Vorschule und Sekundarstufe II weltweit, einschlie\u00dflich der L\u00e4nder die von humanit\u00e4ren Notlagen betroffen sind.<\/p>\n<p><span style=\"color: #000000\">Einer von 5 Jugendlichen im Alter zwischen 15 und 17 Jahren, die in einem von Konflikten oder Katastrophen betroffenen Land leben, war nie in einem formalen Klassenraum, w\u00e4hrend 2 von 5 Kindern nie die Grundschule abgeschlossen haben. <\/span><\/p>\n<p>Jeder F\u00fcnfte, fast 303 Millionen Kinder und Jugendliche im Alter zwischen 5 und 17 Jahren, hat keine Schule besucht. Ein Drittel von ihnen lebt in Konflikt- oder Katastrophengebieten, hei\u00dft es in dem Bericht, der vor der 73. Sitzung der <a href=\"http:\/\/www.un.org\/en\/ga\/\">UN-Generalversammlung<\/a> ver\u00f6ffentlicht wurde.<\/p>\n<p>Das gr\u00f6\u00dfte Bildungshindernis ist Armut. Kinder aus armen Haushalten sind im Vergleich zu ihren Altersgenossen aus reichen Haushalten klar benachteiligt, sie gehen viermal so oft nicht zur Schule.<\/p>\n<p>\u201cThis is a critical moment in history. If we act wisely and urgently, we can empower and skill young people to be prepared to create peaceful and prosperous societies,\u201d said <a href=\"https:\/\/www.unicef.org\/media\/unicef-executive-director-henrietta-h-fore\">Henrietta Fore<\/a>, UNICEF Executive Director. \u201cThe alternative is too bleak. We cannot afford to fail.\u201d<\/p>\n<p>Noch mehr Informationen zur UN bekommen Sie in unserem <a href=\"https:\/\/www.ub.fu-berlin.de\/bibliothek\/uneu\/\">Dokumentationszentrum UN-EU<\/a>.<\/p>","protected":false},"excerpt":{"rendered":"<p>Der Betrieb des \u201eDokumentationszentrums UN \u2013 EU\u201c wird eingestellt. Die entsprechende Literatur bleibt im Bestand und ist weiterhin zug\u00e4nglich. Sustainable Development Goal Nr. 4 &#8211; Quality Education: &#8222;Ensure inclusive and quality education for all and promote lifelong learning.&#8220; Kurz vor dem Weltkindertag (20. September) erschien der UNICEF-Report A future stolen: young and out-of-school. Er befasst &hellip; <a href=\"https:\/\/blogs.fu-berlin.de\/bibliotheken\/2018\/09\/25\/a-future-stolen-young-and-out-of-school\/\" class=\"more-link\"><span class=\"screen-reader-text\">\u201eA future stolen: young and out-of-school\u201c<\/span> weiterlesen<\/a><\/p>\n","protected":false},"author":2907,"featured_media":0,"comment_status":"open","ping_status":"open","sticky":false,"template":"","format":"standard","meta":{"footnotes":""},"categories":[9],"tags":[218492,2458,218491,196643,24624],"class_list":["post-23885","post","type-post","status-publish","format-standard","hentry","category-allgemein","tag-a-future-stolen-young-and-out-of-school","tag-dokumentationszentrum-un-eu","tag-sustainable-development-goal","tag-un-generalversammlung","tag-unicef"],"_links":{"self":[{"href":"https:\/\/blogs.fu-berlin.de\/bibliotheken\/wp-json\/wp\/v2\/posts\/23885","targetHints":{"allow":["GET"]}}],"collection":[{"href":"https:\/\/blogs.fu-berlin.de\/bibliotheken\/wp-json\/wp\/v2\/posts"}],"about":[{"href":"https:\/\/blogs.fu-berlin.de\/bibliotheken\/wp-json\/wp\/v2\/types\/post"}],"author":[{"embeddable":true,"href":"https:\/\/blogs.fu-berlin.de\/bibliotheken\/wp-json\/wp\/v2\/users\/2907"}],"replies":[{"embeddable":true,"href":"https:\/\/blogs.fu-berlin.de\/bibliotheken\/wp-json\/wp\/v2\/comments?post=23885"}],"version-history":[{"count":10,"href":"https:\/\/blogs.fu-berlin.de\/bibliotheken\/wp-json\/wp\/v2\/posts\/23885\/revisions"}],"predecessor-version":[{"id":29278,"href":"https:\/\/blogs.fu-berlin.de\/bibliotheken\/wp-json\/wp\/v2\/posts\/23885\/revisions\/29278"}],"wp:attachment":[{"href":"https:\/\/blogs.fu-berlin.de\/bibliotheken\/wp-json\/wp\/v2\/media?parent=23885"}],"wp:term":[{"taxonomy":"category","embeddable":true,"href":"https:\/\/blogs.fu-berlin.de\/bibliotheken\/wp-json\/wp\/v2\/categories?post=23885"},{"taxonomy":"post_tag","embeddable":true,"href":"https:\/\/blogs.fu-berlin.de\/bibliotheken\/wp-json\/wp\/v2\/tags?post=23885"}],"curies":[{"name":"wp","href":"https:\/\/api.w.org\/{rel}","templated":true}]}}