{"id":2392,"date":"2009-08-18T12:49:22","date_gmt":"2009-08-18T11:49:22","guid":{"rendered":"https:\/\/blogs.fu-berlin.de\/bibliotheken\/?p=2392"},"modified":"2009-08-18T16:19:46","modified_gmt":"2009-08-18T15:19:46","slug":"neu-im-buchregal-vandalismus-als-alltagsphanomen","status":"publish","type":"post","link":"https:\/\/blogs.fu-berlin.de\/bibliotheken\/2009\/08\/18\/neu-im-buchregal-vandalismus-als-alltagsphanomen\/","title":{"rendered":"Neu im Buchregal: &#8222;Vandalismus als Alltagsph\u00e4nomen&#8220;"},"content":{"rendered":"<p>Aus der Verlagsanzeige: &#8222;Moderner Vandalismus begegnet uns in Form eingeworfener Schaufenster, aufgeschlitzter U-Bahn-Sitze, zerstochener Autoreifen, herausgerissener Telefonkabel oder als Graffiti; die Spuren sind allgegenw\u00e4rtig. Durch den Anblick zerst\u00f6rter oder besch\u00e4digter Gegenst\u00e4nde f\u00fchlen sich die meisten Menschen unangenehm ber\u00fchrt, nicht wenige auch verunsichert oder gar bedroht. Oft h\u00f6rt man, &#8218;fr\u00fcher&#8216; habe es &#8217;so etwas&#8216; nicht gegeben. L\u00e4sst sich jedoch wirklich nachweisen, dass es &#8218;fr\u00fcher&#8216; niemand wagte, \u00f6ffentliche und fremde Besitzt\u00fcmer zu attackieren \u2013 und sind die T\u00e4ter immer &#8218;Jugendliche&#8216;?<\/p>\n<p>Vandalismus, definiert als anonyme Besch\u00e4digung oder gar Zerst\u00f6rung \u00f6ffentlich zug\u00e4nglicher Gegenst\u00e4nde, wird als bewusste, Normen verletzende Handlung begriffen, die \u2013 von au\u00dfen betrachtet \u2013 offenbar ohne Motiv geschieht. Maren Lorenz gibt in ihrem Buch einen \u00dcberblick \u00fcber den Wandel der Deutungen und Erkl\u00e4rungen des Vandalismus in Deutschland vom 17. Jahrhundert bis in die Gegenwart.&#8220;<\/p>\n<p>Georg Tschannett hat in dem Fachforum f\u00fcr HistorikerInnen  <a href=\"https:\/\/hsozkult.geschichte.hu-berlin.de\/rezensionen\/2009-2-212\">H-Soz-u-Kult am 19.06.2009<\/a> eine ausf\u00fchrliche Rezension zu diesem Buch ver\u00f6ffentlicht. <\/p>\n<p>Das Buch mit der Signatur <a href=\"https:\/\/sf4.ub.fu-berlin.de\/F\/?func=item-global&amp;doc_library=FUB01&amp;doc_number=003592349&amp;year=&amp;volume=&amp;sub_library=\">88\/2009\/20837<\/a> ist 2009 in der &#8222;Hamburger Edition&#8220; erschienen und geht gerade in der UB durch den Gesch\u00e4ftsgang &#8230;<\/p>\n","protected":false},"excerpt":{"rendered":"<p>Aus der Verlagsanzeige: &#8222;Moderner Vandalismus begegnet uns in Form eingeworfener Schaufenster, aufgeschlitzter U-Bahn-Sitze, zerstochener Autoreifen, herausgerissener Telefonkabel oder als Graffiti; die Spuren sind allgegenw\u00e4rtig. Durch den Anblick zerst\u00f6rter oder besch\u00e4digter Gegenst\u00e4nde f\u00fchlen sich die meisten Menschen unangenehm ber\u00fchrt, nicht wenige auch verunsichert oder gar bedroht. Oft h\u00f6rt man, &#8218;fr\u00fcher&#8216; habe es &#8217;so etwas&#8216; nicht gegeben. &hellip; <a href=\"https:\/\/blogs.fu-berlin.de\/bibliotheken\/2009\/08\/18\/neu-im-buchregal-vandalismus-als-alltagsphanomen\/\" class=\"more-link\"><span class=\"screen-reader-text\">\u201eNeu im Buchregal: &#8222;Vandalismus als Alltagsph\u00e4nomen&#8220;\u201c<\/span> weiterlesen<\/a><\/p>\n","protected":false},"author":267,"featured_media":0,"comment_status":"open","ping_status":"open","sticky":false,"template":"","format":"standard","meta":{"footnotes":""},"categories":[492],"tags":[507,471,983],"class_list":["post-2392","post","type-post","status-publish","format-standard","hentry","category-literaturtipps","tag-buchtipp","tag-geschichte","tag-vandalismus"],"_links":{"self":[{"href":"https:\/\/blogs.fu-berlin.de\/bibliotheken\/wp-json\/wp\/v2\/posts\/2392","targetHints":{"allow":["GET"]}}],"collection":[{"href":"https:\/\/blogs.fu-berlin.de\/bibliotheken\/wp-json\/wp\/v2\/posts"}],"about":[{"href":"https:\/\/blogs.fu-berlin.de\/bibliotheken\/wp-json\/wp\/v2\/types\/post"}],"author":[{"embeddable":true,"href":"https:\/\/blogs.fu-berlin.de\/bibliotheken\/wp-json\/wp\/v2\/users\/267"}],"replies":[{"embeddable":true,"href":"https:\/\/blogs.fu-berlin.de\/bibliotheken\/wp-json\/wp\/v2\/comments?post=2392"}],"version-history":[{"count":7,"href":"https:\/\/blogs.fu-berlin.de\/bibliotheken\/wp-json\/wp\/v2\/posts\/2392\/revisions"}],"predecessor-version":[{"id":2400,"href":"https:\/\/blogs.fu-berlin.de\/bibliotheken\/wp-json\/wp\/v2\/posts\/2392\/revisions\/2400"}],"wp:attachment":[{"href":"https:\/\/blogs.fu-berlin.de\/bibliotheken\/wp-json\/wp\/v2\/media?parent=2392"}],"wp:term":[{"taxonomy":"category","embeddable":true,"href":"https:\/\/blogs.fu-berlin.de\/bibliotheken\/wp-json\/wp\/v2\/categories?post=2392"},{"taxonomy":"post_tag","embeddable":true,"href":"https:\/\/blogs.fu-berlin.de\/bibliotheken\/wp-json\/wp\/v2\/tags?post=2392"}],"curies":[{"name":"wp","href":"https:\/\/api.w.org\/{rel}","templated":true}]}}