{"id":23989,"date":"2018-10-10T15:28:29","date_gmt":"2018-10-10T14:28:29","guid":{"rendered":"https:\/\/blogs.fu-berlin.de\/bibliotheken\/?p=23989"},"modified":"2021-09-14T08:00:46","modified_gmt":"2021-09-14T07:00:46","slug":"deutscher-buchpreis-2018-archipel-ist-der-roman-des-jahres-2018","status":"publish","type":"post","link":"https:\/\/blogs.fu-berlin.de\/bibliotheken\/2018\/10\/10\/deutscher-buchpreis-2018-archipel-ist-der-roman-des-jahres-2018\/","title":{"rendered":"Deutscher Buchpreis 2018 &#8211; \u201eArchipel\u201d ist der Roman des Jahres 2018"},"content":{"rendered":"\n<p><em><span class=\"has-inline-color has-bright-red-color\">Der Betrieb des \u201eDokumentationszentrums UN \u2013 EU\u201c wird eingestellt. Die entsprechende Literatur bleibt im Bestand und ist weiterhin zug\u00e4nglich.<\/span><\/em><\/p>\n\n\n<p>Seit dem 8. Oktober steht nun fest, welches Prosawerk der \u201eRoman des Jahres\u201d 2018 ist. P\u00fcnktlich zum Auftakt der Frankfurter Buchmesse k\u00fcrte der B\u00f6rsenverein des deutschen Buchhandels Inger-Maria Mahlke mit ihrem Roman <a href=\"https:\/\/fu-berlin.hosted.exlibrisgroup.com\/primo-explore\/fulldisplay?docid=FUB_ALMA_DS21999513210002883&amp;context=L&amp;vid=FUB&amp;search_scope=FUB_Blended_2&amp;tab=fub&amp;lang=de_DE\" target=\"_blank\" rel=\"noopener noreferrer\">\u201eArchipel\u201d<\/a> zur Gewinnerin.<a href=\"https:\/\/fu-berlin.hosted.exlibrisgroup.com\/primo-explore\/fulldisplay?docid=FUB_ALMA_DS21999513210002883&amp;context=L&amp;vid=FUB&amp;search_scope=FUB_Blended_2&amp;tab=fub&amp;lang=de_DE\" target=\"_blank\" rel=\"noopener noreferrer\"><img loading=\"lazy\" decoding=\"async\" class=\"alignright wp-image-24008 size-full\" src=\"https:\/\/blogs.fu-berlin.de\/bibliotheken\/files\/2018\/10\/Mahlke_Archipel_Cover.jpg\" alt=\"\" width=\"285\" height=\"455\" srcset=\"https:\/\/blogs.fu-berlin.de\/bibliotheken\/files\/2018\/10\/Mahlke_Archipel_Cover.jpg 285w, https:\/\/blogs.fu-berlin.de\/bibliotheken\/files\/2018\/10\/Mahlke_Archipel_Cover-188x300.jpg 188w\" sizes=\"auto, (max-width: 285px) 85vw, 285px\" \/><\/a><\/p>\n<p>In dem von der Gegenwart bis ins Jahr 1919 r\u00fcckw\u00e4rts erz\u00e4hlten Text beleuchtet die Autorin die zerkl\u00fcftete Historie Spaniens anhand der Geschichte dreier Familien, die aus unterschiedlichen sozialen Schichten stammen. In der Begr\u00fcndung der Jury hei\u00dft es:<\/p>\n<blockquote><p>Der Archipel liegt am \u00e4u\u00dfersten Rand Europas, Schauplatz ist die Insel Teneriffa. Gerade hier verdichten sich die Kolonialgeschichte und die Geschichte der europ\u00e4ischen Diktaturen im 20. Jahrhundert. [&#8230;] Das Alltagsleben, eine besch\u00e4digte Landschaft, aber auch das Licht werden in der Sprache sinnlich erfahrbar.<\/p><\/blockquote>\n<p>Nachdem bereits letztes Jahr der sogenannte EU-Roman <a href=\"https:\/\/fu-berlin.hosted.exlibrisgroup.com\/primo-explore\/fulldisplay?docid=FUB_ALMA_DS21978600130002883&amp;context=L&amp;vid=FUB&amp;lang=de_DE&amp;search_scope=FUB_Blended_2&amp;adaptor=Local%20Search%20Engine&amp;tab=fub&amp;query=any,contains,die%20hauptstadt%20menasse&amp;sortby=rank&amp;facet=tlevel,include,printmedien&amp;offset=0\" target=\"_blank\" rel=\"noopener noreferrer\">\u201eDie Hauptstadt\u201d<\/a> von Robert Menasse mit dem Deutschen Buchpreis ausgezeichnet wurde, steht insgeheim auch in diesem Jahr Europa und seine Geschichte im Fokus. Inger-Maria Mahlke darf sich nun \u00fcber das Preisgeld von 25.000 Euro freuen. In der FU Berlin ist die Schriftstellerin keine Unbekannte. Sie studierte an der Freien Universit\u00e4t Rechtswissenschaft.<\/p>\n<p>Wenn Sie mehr Interesse an der EU und ihrer Geschichte haben, dann besuchen Sie doch unser <a href=\"https:\/\/www.fu-berlin.de\/sites\/ub\/ueber-uns\/un-eu\/\" target=\"_blank\" rel=\"noopener noreferrer\">Dokumentationszentrum UN-EU<\/a>.<\/p>","protected":false},"excerpt":{"rendered":"<p>Der Betrieb des \u201eDokumentationszentrums UN \u2013 EU\u201c wird eingestellt. Die entsprechende Literatur bleibt im Bestand und ist weiterhin zug\u00e4nglich. Seit dem 8. Oktober steht nun fest, welches Prosawerk der \u201eRoman des Jahres\u201d 2018 ist. P\u00fcnktlich zum Auftakt der Frankfurter Buchmesse k\u00fcrte der B\u00f6rsenverein des deutschen Buchhandels Inger-Maria Mahlke mit ihrem Roman \u201eArchipel\u201d zur Gewinnerin. In &hellip; <a href=\"https:\/\/blogs.fu-berlin.de\/bibliotheken\/2018\/10\/10\/deutscher-buchpreis-2018-archipel-ist-der-roman-des-jahres-2018\/\" class=\"more-link\"><span class=\"screen-reader-text\">\u201eDeutscher Buchpreis 2018 &#8211; \u201eArchipel\u201d ist der Roman des Jahres 2018\u201c<\/span> weiterlesen<\/a><\/p>\n","protected":false},"author":3459,"featured_media":0,"comment_status":"open","ping_status":"open","sticky":false,"template":"","format":"standard","meta":{"footnotes":""},"categories":[9,604,492],"tags":[905,57543,1132,12034,218486],"class_list":["post-23989","post","type-post","status-publish","format-standard","hentry","category-allgemein","category-ins-netz-geschaut","category-literaturtipps","tag-borsenverein-des-deutschen-buchhandels","tag-deutscher-buchpreis","tag-frankfurter-buchmesse","tag-kolonialgeschichte","tag-roman-des-jahres"],"_links":{"self":[{"href":"https:\/\/blogs.fu-berlin.de\/bibliotheken\/wp-json\/wp\/v2\/posts\/23989","targetHints":{"allow":["GET"]}}],"collection":[{"href":"https:\/\/blogs.fu-berlin.de\/bibliotheken\/wp-json\/wp\/v2\/posts"}],"about":[{"href":"https:\/\/blogs.fu-berlin.de\/bibliotheken\/wp-json\/wp\/v2\/types\/post"}],"author":[{"embeddable":true,"href":"https:\/\/blogs.fu-berlin.de\/bibliotheken\/wp-json\/wp\/v2\/users\/3459"}],"replies":[{"embeddable":true,"href":"https:\/\/blogs.fu-berlin.de\/bibliotheken\/wp-json\/wp\/v2\/comments?post=23989"}],"version-history":[{"count":22,"href":"https:\/\/blogs.fu-berlin.de\/bibliotheken\/wp-json\/wp\/v2\/posts\/23989\/revisions"}],"predecessor-version":[{"id":29272,"href":"https:\/\/blogs.fu-berlin.de\/bibliotheken\/wp-json\/wp\/v2\/posts\/23989\/revisions\/29272"}],"wp:attachment":[{"href":"https:\/\/blogs.fu-berlin.de\/bibliotheken\/wp-json\/wp\/v2\/media?parent=23989"}],"wp:term":[{"taxonomy":"category","embeddable":true,"href":"https:\/\/blogs.fu-berlin.de\/bibliotheken\/wp-json\/wp\/v2\/categories?post=23989"},{"taxonomy":"post_tag","embeddable":true,"href":"https:\/\/blogs.fu-berlin.de\/bibliotheken\/wp-json\/wp\/v2\/tags?post=23989"}],"curies":[{"name":"wp","href":"https:\/\/api.w.org\/{rel}","templated":true}]}}