{"id":2401,"date":"2009-08-20T09:27:56","date_gmt":"2009-08-20T08:27:56","guid":{"rendered":"https:\/\/blogs.fu-berlin.de\/bibliotheken\/?p=2401"},"modified":"2016-10-24T12:32:29","modified_gmt":"2016-10-24T11:32:29","slug":"deutscher-buchpreis-2009-longlist-veroffentlicht","status":"publish","type":"post","link":"https:\/\/blogs.fu-berlin.de\/bibliotheken\/2009\/08\/20\/deutscher-buchpreis-2009-longlist-veroffentlicht\/","title":{"rendered":"Deutscher Buchpreis 2009: Longlist ver\u00f6ffentlicht"},"content":{"rendered":"<p>Der <a href=\"https:\/\/www.deutscher-buchpreis.de\">Deutsche Buchpreis<\/a> wird seit 2005 jedes Jahr vom B\u00f6rsenverein des Deutschen Buchhandels zum Auftakt der Frankfurter Buchmesse vergeben.<br \/>\n<img decoding=\"async\" src=\"https:\/\/www.deutscher-buchpreis.de\/sixcms\/media.php\/780\/img_logo_kopf_09.gif\" align=\"right\" \/><\/p>\n<blockquote><p>&#8222;Ziel des Preises ist es, \u00fcber L\u00e4ndergrenzen hinaus Aufmerksamkeit zu schaffen f\u00fcr deutschsprachige Autoren, das Lesen und das Leitmedium Buch.&#8220; (Zitat: Webseite)<\/p><\/blockquote>\n<p>Gestern wurde die Longlist der f\u00fcr den Deutschen Buchpreis 2009 nominierten Titel ver\u00f6ffentlicht. Von diesen 20 Titeln benennen die Juroren in einem n\u00e4chsten Schritt sechs Titel f\u00fcr die Shortlist, die am 16. September 2009 ver\u00f6ffentlicht wird. Erst am Abend der Preisverleihung erfahren die sechs Autoren, an wen von ihnen der Deutsche Buchpreis geht. Der Preistr\u00e4ger erh\u00e4lt ein Preisgeld von 25.000 Euro; die f\u00fcnf Finalisten erhalten jeweils 2.500 Euro.<\/p>\n<p>Anl\u00e4sslich der Nominierung der Longlist-Titel wird es ein <a href=\"https:\/\/www.boersenblatt.net\/328865\/\">\u201eLesebuch zur Longlist Deutscher Buchpreis 2009\u201c<\/a> geben. Darin werden Leseproben und Hintergrundinformationen zu den nominierten Romanen ver\u00f6ffentlicht. Es ist ab Samstag in Buchhandlungen erh\u00e4ltlich.<\/p>\n","protected":false},"excerpt":{"rendered":"<p>Der Deutsche Buchpreis wird seit 2005 jedes Jahr vom B\u00f6rsenverein des Deutschen Buchhandels zum Auftakt der Frankfurter Buchmesse vergeben. &#8222;Ziel des Preises ist es, \u00fcber L\u00e4ndergrenzen hinaus Aufmerksamkeit zu schaffen f\u00fcr deutschsprachige Autoren, das Lesen und das Leitmedium Buch.&#8220; (Zitat: Webseite) Gestern wurde die Longlist der f\u00fcr den Deutschen Buchpreis 2009 nominierten Titel ver\u00f6ffentlicht. Von &hellip; <a href=\"https:\/\/blogs.fu-berlin.de\/bibliotheken\/2009\/08\/20\/deutscher-buchpreis-2009-longlist-veroffentlicht\/\" class=\"more-link\"><span class=\"screen-reader-text\">\u201eDeutscher Buchpreis 2009: Longlist ver\u00f6ffentlicht\u201c<\/span> weiterlesen<\/a><\/p>\n","protected":false},"author":265,"featured_media":0,"comment_status":"open","ping_status":"open","sticky":false,"template":"","format":"standard","meta":{"footnotes":""},"categories":[9,70],"tags":[57543,57545],"class_list":["post-2401","post","type-post","status-publish","format-standard","hentry","category-allgemein","category-veranstaltungen","tag-deutscher-buchpreis","tag-longlist-2009"],"_links":{"self":[{"href":"https:\/\/blogs.fu-berlin.de\/bibliotheken\/wp-json\/wp\/v2\/posts\/2401","targetHints":{"allow":["GET"]}}],"collection":[{"href":"https:\/\/blogs.fu-berlin.de\/bibliotheken\/wp-json\/wp\/v2\/posts"}],"about":[{"href":"https:\/\/blogs.fu-berlin.de\/bibliotheken\/wp-json\/wp\/v2\/types\/post"}],"author":[{"embeddable":true,"href":"https:\/\/blogs.fu-berlin.de\/bibliotheken\/wp-json\/wp\/v2\/users\/265"}],"replies":[{"embeddable":true,"href":"https:\/\/blogs.fu-berlin.de\/bibliotheken\/wp-json\/wp\/v2\/comments?post=2401"}],"version-history":[{"count":14,"href":"https:\/\/blogs.fu-berlin.de\/bibliotheken\/wp-json\/wp\/v2\/posts\/2401\/revisions"}],"predecessor-version":[{"id":19962,"href":"https:\/\/blogs.fu-berlin.de\/bibliotheken\/wp-json\/wp\/v2\/posts\/2401\/revisions\/19962"}],"wp:attachment":[{"href":"https:\/\/blogs.fu-berlin.de\/bibliotheken\/wp-json\/wp\/v2\/media?parent=2401"}],"wp:term":[{"taxonomy":"category","embeddable":true,"href":"https:\/\/blogs.fu-berlin.de\/bibliotheken\/wp-json\/wp\/v2\/categories?post=2401"},{"taxonomy":"post_tag","embeddable":true,"href":"https:\/\/blogs.fu-berlin.de\/bibliotheken\/wp-json\/wp\/v2\/tags?post=2401"}],"curies":[{"name":"wp","href":"https:\/\/api.w.org\/{rel}","templated":true}]}}