{"id":24058,"date":"2018-10-22T10:59:27","date_gmt":"2018-10-22T09:59:27","guid":{"rendered":"https:\/\/blogs.fu-berlin.de\/bibliotheken\/?p=24058"},"modified":"2018-10-25T08:41:50","modified_gmt":"2018-10-25T07:41:50","slug":"ex-libris-die-public-library-von-new-york-dokumentarfilm-von-frederick-wiseman","status":"publish","type":"post","link":"https:\/\/blogs.fu-berlin.de\/bibliotheken\/2018\/10\/22\/ex-libris-die-public-library-von-new-york-dokumentarfilm-von-frederick-wiseman\/","title":{"rendered":"\u201eEx Libris: Die Public Library von New York\u201c &#8211; Dokumentarfilm von Frederick Wiseman"},"content":{"rendered":"<p>P\u00fcnktlich zum \u201eTag der Bibliotheken\u201c am 24. Oktober 2018 startet Frederick Wisemans neuer Dokumentarfilm\u00a0\u201eEx Libris: Die Public Library von New York\u201c in den deutschen Kinos. Die Dokumentation gibt Einblick in das System der \u00f6ffentlichen Bibliotheken der Stadt New York, das mit seiner 51 Millionen Medien umfassenden Sammlung eines der gr\u00f6\u00dften Bibliothekssysteme der Welt ist. Gemessen an der Zahl der Menschen, die entweder einen Bibliotheksausweis haben oder die Bildungs- und Informationsangebote nutzen, ist die Public Library mit 17 Millionen Besuchern mit gro\u00dfem Abstand die gr\u00f6\u00dfte Bibliothek der Welt.<\/p>\n<figure id=\"attachment_21505\" aria-describedby=\"caption-attachment-21505\" style=\"width: 300px\" class=\"wp-caption alignright\"><img loading=\"lazy\" decoding=\"async\" class=\"wp-image-21505 size-medium\" src=\"https:\/\/blogs.fu-berlin.de\/bibliotheken\/files\/2017\/09\/NYPL_New_York_City_May_2014_-_027-300x225.jpg\" alt=\"\" width=\"300\" height=\"225\" srcset=\"https:\/\/blogs.fu-berlin.de\/bibliotheken\/files\/2017\/09\/NYPL_New_York_City_May_2014_-_027-300x225.jpg 300w, https:\/\/blogs.fu-berlin.de\/bibliotheken\/files\/2017\/09\/NYPL_New_York_City_May_2014_-_027.jpg 640w\" sizes=\"auto, (max-width: 300px) 85vw, 300px\" \/><figcaption id=\"caption-attachment-21505\" class=\"wp-caption-text\">Steinerner L\u00f6we vor dem Haupteingang der New York Public Library an der Fifth Avenue<\/figcaption><\/figure>\n<p>Wiseman zeigt das vielf\u00e4ltige Geschehen der Public Library in seiner ihm eigenen Manier unkommentiert. Von der telefonischen Informationsanfrage, \u00fcber die Teilnahme an Lehrveranstaltungen, bis hin zu Diskussionen \u00fcber den digitalen Wandel und die Rolle, die Bibliotheken darin spielen, um nur einen kleinen Einblick in die dreist\u00fcndige Doku zu geben. Der Filmemacher zeigte sich selbst \u00fcberrascht \u00fcber die Diversit\u00e4t und den Umfang der bibliothekarischen Arbeit im Informationszeitalter und erkennt darin eine besondere Wichtigkeit: Mit einem Seitenhieb auf Trump stellt Wiseman fest, dass Bibliotheken \u201eunabh\u00e4ngig von der aktuellen amerikanischen Politikszene [&#8230;] ein Ideal der Inklusion, Demokratie und Meinungsfreiheit\u201c blieben <a href=\"https:\/\/www.labiennale.org\/en\/cinema\/2017\/program-cinema-2017\/frederick-wiseman-ex-libris-new-york-public-library-0\" target=\"_blank\" rel=\"noopener\">(vgl.)<\/a>.<\/p>\n<p>Im Zentrum der Werke Wisemans stehen zumeist Institutionen und ihre Strukturen. Das kann eine psychiatrische Klinik (\u201eTiticut Follies\u201c), eine Universit\u00e4t (\u201eAt Berkeley\u201c) oder ein \u00f6ffentlicher Park (\u201eCentral Park\u201c) sein. Der Amerikaner gilt als einer der bedeutendsten Dokumentarfilmer der Filmgeschichte, der diese Filmgattung nachhaltig pr\u00e4gte.<\/p>\n<p>2017 wurde \u201e<em>Ex Libris \u2013 The New York Public Library<\/em>\u201c bei dem Filmfestival von Venedig mit dem FIPRESCI-Preis der gleichnamigen internationalen Filmkritikervereinigung f\u00fcr den besten Wettbewerbsfilm ausgezeichnet. <a href=\"https:\/\/blogs.fu-berlin.de\/bibliotheken\/2017\/09\/09\/preis-fuer-bibliotheksdokumentation-beim-filmfestival-von-venedig\/\" target=\"_blank\" rel=\"noopener\">Wir berichteten.<\/a> Sehen Sie hier den Trailer zum Film:<\/p>\n<div class=\"lyte-wrapper\" style=\"width:640px;max-width:100%;margin:5px;\"><div class=\"lyMe\" id=\"WYL_Is8dIK69uHo\"><div id=\"lyte_Is8dIK69uHo\" data-src=\"https:\/\/blogs.fu-berlin.de\/bibliotheken\/wp-content\/plugins\/wp-youtube-lyte\/lyteCache.php?origThumbUrl=%2F%2Fi.ytimg.com%2Fvi%2FIs8dIK69uHo%2Fhqdefault.jpg\" class=\"pL\"><div class=\"tC\"><div class=\"tT\"><\/div><\/div><div class=\"play\"><\/div><div class=\"ctrl\"><div class=\"Lctrl\"><\/div><div class=\"Rctrl\"><\/div><\/div><\/div><noscript><a href=\"https:\/\/youtu.be\/Is8dIK69uHo\" rel=\"nofollow\"><img loading=\"lazy\" decoding=\"async\" src=\"https:\/\/blogs.fu-berlin.de\/bibliotheken\/wp-content\/plugins\/wp-youtube-lyte\/lyteCache.php?origThumbUrl=https%3A%2F%2Fi.ytimg.com%2Fvi%2FIs8dIK69uHo%2F0.jpg\" alt=\"YouTube-Video-Thumbnail\" width=\"640\" height=\"340\" \/><br \/>Dieses Video auf YouTube ansehen<\/a><\/noscript><\/div><\/div><div class=\"lL\" style=\"max-width:100%;width:640px;margin:5px;\"><br\/><span class=\"lyte_disclaimer\">ACHTUNG: Daten nach YouTube werden erst beim Abspielen des Videos \u00fcbertragen.<\/span><\/div><\/p>\n<p>&nbsp;<\/p>\n<p>Auch die Universit\u00e4tsbibliothek und das Bibliothekssystem der FU Berlin reagierten fr\u00fch auf die digitale Transformation und bieten schon seit langem weit mehr als nur den Zugang zu wissenschaftlichen Texten. In den <a href=\"https:\/\/www.fu-berlin.de\/sites\/ub\/lernangebote\/index.html\" target=\"_blank\" rel=\"noopener\">Lernangeboten der Uni-Bibliothek<\/a> dreht sich alles darum, ihre NutzerInnen fit in Informationskompetenz zu machen &#8211; von der <a href=\"https:\/\/www.fu-berlin.de\/sites\/ub\/lernangebote\/literaturrecherche\/primo\/index.html\" target=\"_blank\" rel=\"noopener\">Einf\u00fchrung<\/a> in das FU-eigene <a href=\"https:\/\/primo.fu-berlin.de\" target=\"_blank\" rel=\"noopener\">Bibliotheksportal Primo<\/a>, \u00fcber die <a href=\"https:\/\/www.fu-berlin.de\/sites\/ub\/ueber-uns\/termine\/qualitaet.html\" target=\"_blank\" rel=\"noopener\">Identifizierung wichtiger Fachliteratur<\/a>, bis hin zum richtigen Zitieren oder der Arbeit mit Literaturverwaltungsprogrammen.<\/p>\n","protected":false},"excerpt":{"rendered":"<p>P\u00fcnktlich zum \u201eTag der Bibliotheken\u201c am 24. Oktober 2018 startet Frederick Wisemans neuer Dokumentarfilm\u00a0\u201eEx Libris: Die Public Library von New York\u201c in den deutschen Kinos. Die Dokumentation gibt Einblick in das System der \u00f6ffentlichen Bibliotheken der Stadt New York, das mit seiner 51 Millionen Medien umfassenden Sammlung eines der gr\u00f6\u00dften Bibliothekssysteme der Welt ist. Gemessen &hellip; <a href=\"https:\/\/blogs.fu-berlin.de\/bibliotheken\/2018\/10\/22\/ex-libris-die-public-library-von-new-york-dokumentarfilm-von-frederick-wiseman\/\" class=\"more-link\"><span class=\"screen-reader-text\">\u201e\u201eEx Libris: Die Public Library von New York\u201c &#8211; Dokumentarfilm von Frederick Wiseman\u201c<\/span> weiterlesen<\/a><\/p>\n","protected":false},"author":3459,"featured_media":0,"comment_status":"open","ping_status":"open","sticky":false,"template":"","format":"standard","meta":{"footnotes":""},"categories":[9,599,604],"tags":[191294,2317,2461],"class_list":["post-24058","post","type-post","status-publish","format-standard","hentry","category-allgemein","category-bibliothekswesen","category-ins-netz-geschaut","tag-frederick-wiseman","tag-new-york-public-library","tag-offentliche-bibliothek"],"_links":{"self":[{"href":"https:\/\/blogs.fu-berlin.de\/bibliotheken\/wp-json\/wp\/v2\/posts\/24058","targetHints":{"allow":["GET"]}}],"collection":[{"href":"https:\/\/blogs.fu-berlin.de\/bibliotheken\/wp-json\/wp\/v2\/posts"}],"about":[{"href":"https:\/\/blogs.fu-berlin.de\/bibliotheken\/wp-json\/wp\/v2\/types\/post"}],"author":[{"embeddable":true,"href":"https:\/\/blogs.fu-berlin.de\/bibliotheken\/wp-json\/wp\/v2\/users\/3459"}],"replies":[{"embeddable":true,"href":"https:\/\/blogs.fu-berlin.de\/bibliotheken\/wp-json\/wp\/v2\/comments?post=24058"}],"version-history":[{"count":31,"href":"https:\/\/blogs.fu-berlin.de\/bibliotheken\/wp-json\/wp\/v2\/posts\/24058\/revisions"}],"predecessor-version":[{"id":24152,"href":"https:\/\/blogs.fu-berlin.de\/bibliotheken\/wp-json\/wp\/v2\/posts\/24058\/revisions\/24152"}],"wp:attachment":[{"href":"https:\/\/blogs.fu-berlin.de\/bibliotheken\/wp-json\/wp\/v2\/media?parent=24058"}],"wp:term":[{"taxonomy":"category","embeddable":true,"href":"https:\/\/blogs.fu-berlin.de\/bibliotheken\/wp-json\/wp\/v2\/categories?post=24058"},{"taxonomy":"post_tag","embeddable":true,"href":"https:\/\/blogs.fu-berlin.de\/bibliotheken\/wp-json\/wp\/v2\/tags?post=24058"}],"curies":[{"name":"wp","href":"https:\/\/api.w.org\/{rel}","templated":true}]}}