{"id":24124,"date":"2018-10-24T10:00:51","date_gmt":"2018-10-24T09:00:51","guid":{"rendered":"https:\/\/blogs.fu-berlin.de\/bibliotheken\/?p=24124"},"modified":"2021-09-16T13:46:20","modified_gmt":"2021-09-16T12:46:20","slug":"70igster-tag-der-vereinten-nationen","status":"publish","type":"post","link":"https:\/\/blogs.fu-berlin.de\/bibliotheken\/2018\/10\/24\/70igster-tag-der-vereinten-nationen\/","title":{"rendered":"70. Tag der Vereinten Nationen"},"content":{"rendered":"\n<p><em><span class=\"has-inline-color has-bright-red-color\">Der Betrieb des \u201eDokumentationszentrums UN \u2013 EU\u201c wird eingestellt. Die entsprechende Literatur bleibt im Bestand und ist weiterhin zug\u00e4nglich.<\/span><\/em><\/p>\n\n\n<p><figure id=\"attachment_23540\" aria-describedby=\"caption-attachment-23540\" style=\"width: 300px\" class=\"wp-caption alignright\"><img loading=\"lazy\" decoding=\"async\" class=\"size-medium wp-image-23540\" src=\"https:\/\/blogs.fu-berlin.de\/bibliotheken\/files\/2018\/07\/flag-3158666_1920-300x200.jpg\" alt=\"\" width=\"300\" height=\"200\" srcset=\"https:\/\/blogs.fu-berlin.de\/bibliotheken\/files\/2018\/07\/flag-3158666_1920-300x200.jpg 300w, https:\/\/blogs.fu-berlin.de\/bibliotheken\/files\/2018\/07\/flag-3158666_1920-1200x800.jpg 1200w, https:\/\/blogs.fu-berlin.de\/bibliotheken\/files\/2018\/07\/flag-3158666_1920.jpg 1920w\" sizes=\"auto, (max-width: 300px) 85vw, 300px\" \/><figcaption id=\"caption-attachment-23540\" class=\"wp-caption-text\">Quelle: pixabay.com \u2013 CC0 License<\/figcaption><\/figure><\/p>\n<p>Seit 1948 wird der <a href=\"http:\/\/webtv.un.org\/watch\/player\/4378585533001\">24. Oktober als Tag der Vereinten Nationen<\/a> gefeiert.<\/p>\n<p><span lang=\"de\">Vor 70 Jahren trat die <a href=\"http:\/\/www.un.org\/en\/charter-united-nations\/index.html\">UN-Charta<\/a> in Kraft. <\/span><span lang=\"de\">Mit der Ratifizierung dieses Gr\u00fcndungsdokuments durch seine Unterzeichner, einschlie\u00dflich der f\u00fcnf st\u00e4ndigen Mitglieder des Sicherheitsrats, sind die Vereinten Nationen offiziell ins Leben gerufen worden. <\/span><\/p>\n<p>T\u00e4glich arbeiten die Vereinten Nationen und ihre Organisationen daran, den Menschen, vor allem in Krisengebieten, eine Zukunft zu geben. Unter anderem sind folgende Themen ma\u00dfgeblich:<\/p>\n<ul>\n<li><span lang=\"de\">versorgen 80 Millionen Menschen in 80 L\u00e4ndern mit Nahrung und sonstiger Hilfe<\/span><\/li>\n<li><span lang=\"de\">liefern Impfstoffe f\u00fcr 45% aller Kinder der Welt und helfen damit <\/span><span lang=\"de\">3 Millionen Leben pro Jahr zu retten<\/span><\/li>\n<li><span lang=\"de\">unterst\u00fctzen und sch\u00fctzen 67,7 Millionen Menschen, die vor Krieg, Hunger und Verfolgung fliehen<\/span><\/li>\n<li><span lang=\"de\">arbeiten mit 195 Nationen zusammen, um den globalen Temperaturanstieg unter 2 \u00b0 C zu halten<\/span><\/li>\n<li><span lang=\"de\">versuchen die globale Wasserkrise, von der weltweit mehr als 2 Milliarden Menschen betroffen sind, zu bew\u00e4ltigen<\/span><\/li>\n<li><span lang=\"de\">koordinieren 24,7 Milliarden US-Dollar f\u00fcr den humanit\u00e4ren Bedarf f\u00fcr 145 Millionen Menschen<\/span><\/li>\n<li><span lang=\"de\">versuchen unter Anwendung von Diplomatie Konflikte zu verhindern, u.a.&nbsp; unterst\u00fctzen sie in etwa 50 L\u00e4nder pro Jahr demokratische Wahlen<\/span><\/li>\n<li><span lang=\"de\">unterst\u00fctzen die Gesundheit von M\u00fcttern und helfen mehr als einer Million Frauen pro Monat, Schwangerschaftsrisiken zu \u00fcberwinden.<\/span><\/li>\n<\/ul>\n<p><span lang=\"de\">Und das sind nur einige der Themen, die von den Vereinten Nationen bew\u00e4ltigt werden. Viel mehr \u00fcber die t\u00e4gliche Arbeit der Vereinten Nationen erfahren Sie hier: &#8222;<a href=\"https:\/\/www.un.org\/en\/essential-un\/\">The Essential UN<\/a>&#8220; <\/span><\/p>\n<p><span lang=\"de\">Wussten Sie, das die Generalversammlung der Vereinten Nationen bereits 1971 empfahl, den 24. Oktober f\u00fcr ihre Mitglieder als Feiertag zu betrachten?<\/span><\/p>\n<p>Noch mehr Informationen zur UN bekommen Sie in unserem <a href=\"https:\/\/www.fu-berlin.de\/sites\/ub\/ueber-uns\/un-eu\/\">Dokumentationszentrum UN-EU<\/a>.<\/p>","protected":false},"excerpt":{"rendered":"<p>Der Betrieb des \u201eDokumentationszentrums UN \u2013 EU\u201c wird eingestellt. Die entsprechende Literatur bleibt im Bestand und ist weiterhin zug\u00e4nglich. Seit 1948 wird der 24. Oktober als Tag der Vereinten Nationen gefeiert. Vor 70 Jahren trat die UN-Charta in Kraft. Mit der Ratifizierung dieses Gr\u00fcndungsdokuments durch seine Unterzeichner, einschlie\u00dflich der f\u00fcnf st\u00e4ndigen Mitglieder des Sicherheitsrats, sind &hellip; <a href=\"https:\/\/blogs.fu-berlin.de\/bibliotheken\/2018\/10\/24\/70igster-tag-der-vereinten-nationen\/\" class=\"more-link\"><span class=\"screen-reader-text\">\u201e70. Tag der Vereinten Nationen\u201c<\/span> weiterlesen<\/a><\/p>\n","protected":false},"author":2907,"featured_media":0,"comment_status":"open","ping_status":"open","sticky":false,"template":"","format":"standard","meta":{"footnotes":""},"categories":[9],"tags":[2458,218353,12086],"class_list":["post-24124","post","type-post","status-publish","format-standard","hentry","category-allgemein","tag-dokumentationszentrum-un-eu","tag-feiertag","tag-vereinte-nationen"],"_links":{"self":[{"href":"https:\/\/blogs.fu-berlin.de\/bibliotheken\/wp-json\/wp\/v2\/posts\/24124","targetHints":{"allow":["GET"]}}],"collection":[{"href":"https:\/\/blogs.fu-berlin.de\/bibliotheken\/wp-json\/wp\/v2\/posts"}],"about":[{"href":"https:\/\/blogs.fu-berlin.de\/bibliotheken\/wp-json\/wp\/v2\/types\/post"}],"author":[{"embeddable":true,"href":"https:\/\/blogs.fu-berlin.de\/bibliotheken\/wp-json\/wp\/v2\/users\/2907"}],"replies":[{"embeddable":true,"href":"https:\/\/blogs.fu-berlin.de\/bibliotheken\/wp-json\/wp\/v2\/comments?post=24124"}],"version-history":[{"count":9,"href":"https:\/\/blogs.fu-berlin.de\/bibliotheken\/wp-json\/wp\/v2\/posts\/24124\/revisions"}],"predecessor-version":[{"id":29649,"href":"https:\/\/blogs.fu-berlin.de\/bibliotheken\/wp-json\/wp\/v2\/posts\/24124\/revisions\/29649"}],"wp:attachment":[{"href":"https:\/\/blogs.fu-berlin.de\/bibliotheken\/wp-json\/wp\/v2\/media?parent=24124"}],"wp:term":[{"taxonomy":"category","embeddable":true,"href":"https:\/\/blogs.fu-berlin.de\/bibliotheken\/wp-json\/wp\/v2\/categories?post=24124"},{"taxonomy":"post_tag","embeddable":true,"href":"https:\/\/blogs.fu-berlin.de\/bibliotheken\/wp-json\/wp\/v2\/tags?post=24124"}],"curies":[{"name":"wp","href":"https:\/\/api.w.org\/{rel}","templated":true}]}}