{"id":24173,"date":"2018-11-01T13:47:14","date_gmt":"2018-11-01T12:47:14","guid":{"rendered":"https:\/\/blogs.fu-berlin.de\/bibliotheken\/?p=24173"},"modified":"2021-09-14T07:51:29","modified_gmt":"2021-09-14T06:51:29","slug":"digitalisierung-und-arbeitsmarkt-wie-wird-sich-unsere-arbeitswelt-durch-die-digitalisierung-veraendern-und-wie-bereiten-wir-uns-darauf-vor","status":"publish","type":"post","link":"https:\/\/blogs.fu-berlin.de\/bibliotheken\/2018\/11\/01\/digitalisierung-und-arbeitsmarkt-wie-wird-sich-unsere-arbeitswelt-durch-die-digitalisierung-veraendern-und-wie-bereiten-wir-uns-darauf-vor\/","title":{"rendered":"Digitalisierung und Arbeitsmarkt: Wie wird sich unsere Arbeitswelt durch die Digitalisierung ver\u00e4ndern, und wie bereiten wir uns darauf vor?"},"content":{"rendered":"\n<p><em><span class=\"has-inline-color has-bright-red-color\">Der Betrieb des \u201eDokumentationszentrums UN \u2013 EU\u201c wird eingestellt. Die entsprechende Literatur bleibt im Bestand und ist weiterhin zug\u00e4nglich.<\/span><\/em><\/p>\n\n\n<p>Die Europ\u00e4ische Kommission &#8211; Vertretung in Deutschland l\u00e4dt am Mittwoch, den <strong>14. November 2018<\/strong>, von <strong>16:00 bis 19:00 Uhr<\/strong> zu der Veranstaltung &#8222;Digitalisierung und Arbeitsmarkt&#8220; ein.<br>\nViel wird dar\u00fcber gesprochen wie die Digitalisierung den Arbeitsmarkt in Deutschland und Europa ver\u00e4ndern wird: Wegfall von Jobs, Schaffung neuer Jobs, ver\u00e4nderte Arbeitspl\u00e4tze, Ver\u00e4nderung der demographischen Entwicklung, pers\u00f6nliche und vom Staat getragene Ver\u00e4nderungen, Schutz von ArbeitnehmerInnen, etc.<\/p>\n<p>Diese und weitere Fragen werden wir mit hochrangigen VertreterInnen aus Politik, Wirtschaft und Wissenschaft diskutieren.<\/p>\n<p><a href=\"https:\/\/yve-prod-fra.s3.amazonaws.com\/288d30159e81ee9628cb9f59400d4cd17d43ec8c\/EUK_Programm_Digitalisierung_2018.pdf\">Programm<\/a>:<\/p>\n<p style=\"margin: 0cm;margin-bottom: .0001pt\">16:00 Uhr Einf\u00fchrung<\/p>\n<p style=\"margin: 0cm;margin-bottom: .0001pt\">Richard N. K\u00fchnel, Vertreter der EU-Kommission in Deutschland<\/p>\n<p>&nbsp;<\/p>\n<p>16:10 -17:25 Uhr Panel 1: Wie wird die Digitalisierung die Struktur des Arbeitsmarkts ver\u00e4ndern?<br>\nDr. Nicolaus Heinen, Head of Global Intelligence Services, Linde AG<br>\nBarbara Kauffmann, Direktorin, Generaldirektion Arbeit und Besch\u00e4ftigung, Europ\u00e4ische Kommission<br>\nAnja Meierkord, OECD, Direktion f\u00fcr Besch\u00e4ftigung, Arbeit und Soziales<\/p>\n<p>Kaffeepause<\/p>\n<p>17:40 \u2013 19:00 Uhr Panel 2: Was m\u00fcssen Staat und Wirtschaft tun, um sich auf die Digitalisierung vorzubereiten?<br>\nProf. Dr. Maarten Goos, Vorsitzender, Hochrangige Gruppe der EU-Kommission zu den Auswirkungen der digitalen Transformation auf die EU-Arbeitsm\u00e4rkte<br>\nSteffen Kampeter, Hauptgesch\u00e4ftsf\u00fchrer der Bundesvereinigung der Deutschen Arbeitgeberverb\u00e4nde<br>\nDr. Rolf Schmachtenberg, Staatssekret\u00e4r, Bundesministerium f\u00fcr Arbeit und Soziales<br>\nOliver Suchy, Abteilungsleiter Digitale Arbeitswelten und Arbeitsweltberichterstattung, DGB Bundesvorstand<\/p>\n<p>Bitte melden Sie sich bis zum 09.11.2018 unter diesem <a href=\"https:\/\/eu-kommission.yve-tool.de\/public_registration\/8412\">Link<\/a> an.<\/p>\n<p>Veranstaltungsort: Europ\u00e4isches Haus, Unter den Linden 78, 10117 Berlin<\/p>\n<p>Noch mehr Informationen zur EU bekommen Sie in unserem <a href=\"https:\/\/www.fu-berlin.de\/sites\/ub\/ueber-uns\/un-eu\/\">Dokumentationszentrum UN-EU<\/a>.<\/p>","protected":false},"excerpt":{"rendered":"<p>Der Betrieb des \u201eDokumentationszentrums UN \u2013 EU\u201c wird eingestellt. Die entsprechende Literatur bleibt im Bestand und ist weiterhin zug\u00e4nglich. Die Europ\u00e4ische Kommission &#8211; Vertretung in Deutschland l\u00e4dt am Mittwoch, den 14. November 2018, von 16:00 bis 19:00 Uhr zu der Veranstaltung &#8222;Digitalisierung und Arbeitsmarkt&#8220; ein. Viel wird dar\u00fcber gesprochen wie die Digitalisierung den Arbeitsmarkt in &hellip; <a href=\"https:\/\/blogs.fu-berlin.de\/bibliotheken\/2018\/11\/01\/digitalisierung-und-arbeitsmarkt-wie-wird-sich-unsere-arbeitswelt-durch-die-digitalisierung-veraendern-und-wie-bereiten-wir-uns-darauf-vor\/\" class=\"more-link\"><span class=\"screen-reader-text\">\u201eDigitalisierung und Arbeitsmarkt: Wie wird sich unsere Arbeitswelt durch die Digitalisierung ver\u00e4ndern, und wie bereiten wir uns darauf vor?\u201c<\/span> weiterlesen<\/a><\/p>\n","protected":false},"author":2907,"featured_media":0,"comment_status":"open","ping_status":"open","sticky":false,"template":"","format":"standard","meta":{"footnotes":""},"categories":[70],"tags":[12021,480,2458,56945],"class_list":["post-24173","post","type-post","status-publish","format-standard","hentry","category-veranstaltungen","tag-arbeitsmarkt","tag-digitalisierung","tag-dokumentationszentrum-un-eu","tag-europaeische-kommission"],"_links":{"self":[{"href":"https:\/\/blogs.fu-berlin.de\/bibliotheken\/wp-json\/wp\/v2\/posts\/24173","targetHints":{"allow":["GET"]}}],"collection":[{"href":"https:\/\/blogs.fu-berlin.de\/bibliotheken\/wp-json\/wp\/v2\/posts"}],"about":[{"href":"https:\/\/blogs.fu-berlin.de\/bibliotheken\/wp-json\/wp\/v2\/types\/post"}],"author":[{"embeddable":true,"href":"https:\/\/blogs.fu-berlin.de\/bibliotheken\/wp-json\/wp\/v2\/users\/2907"}],"replies":[{"embeddable":true,"href":"https:\/\/blogs.fu-berlin.de\/bibliotheken\/wp-json\/wp\/v2\/comments?post=24173"}],"version-history":[{"count":4,"href":"https:\/\/blogs.fu-berlin.de\/bibliotheken\/wp-json\/wp\/v2\/posts\/24173\/revisions"}],"predecessor-version":[{"id":29266,"href":"https:\/\/blogs.fu-berlin.de\/bibliotheken\/wp-json\/wp\/v2\/posts\/24173\/revisions\/29266"}],"wp:attachment":[{"href":"https:\/\/blogs.fu-berlin.de\/bibliotheken\/wp-json\/wp\/v2\/media?parent=24173"}],"wp:term":[{"taxonomy":"category","embeddable":true,"href":"https:\/\/blogs.fu-berlin.de\/bibliotheken\/wp-json\/wp\/v2\/categories?post=24173"},{"taxonomy":"post_tag","embeddable":true,"href":"https:\/\/blogs.fu-berlin.de\/bibliotheken\/wp-json\/wp\/v2\/tags?post=24173"}],"curies":[{"name":"wp","href":"https:\/\/api.w.org\/{rel}","templated":true}]}}