{"id":24178,"date":"2018-11-07T11:00:07","date_gmt":"2018-11-07T10:00:07","guid":{"rendered":"https:\/\/blogs.fu-berlin.de\/bibliotheken\/?p=24178"},"modified":"2021-09-16T13:45:59","modified_gmt":"2021-09-16T12:45:59","slug":"multilateralismus-braucht-starke-stimmen","status":"publish","type":"post","link":"https:\/\/blogs.fu-berlin.de\/bibliotheken\/2018\/11\/07\/multilateralismus-braucht-starke-stimmen\/","title":{"rendered":"Multilateralismus braucht starke Stimmen"},"content":{"rendered":"\n<p><em><span class=\"has-inline-color has-bright-red-color\">Der Betrieb des \u201eDokumentationszentrums UN \u2013 EU\u201c wird eingestellt. Die entsprechende Literatur bleibt im Bestand und ist weiterhin zug\u00e4nglich.<\/span><\/em><\/p>\n\n\n<p>Professor Klaus T\u00f6pfer wird 80 Jahre alt. Die Deutsche Gesellschaft f\u00fcr die Vereinten Nationen (DGVN) und&nbsp;die&nbsp;Vertretung des Landes Nordrhein-Westfalen beim Bund laden&nbsp;aus diesem Anlass am 1<strong>2. November 2018<\/strong> zu der Veranstaltung&nbsp;<a href=\"https:\/\/dgvn.de\/aktivitaeten\/einzelansicht\/multilateralismus-braucht-starke-stimmen-festveranstaltung-zu-ehren-des-80-geburtstags-von-prof\/\"><em>Multilateralismus braucht starke Stimmen<\/em><\/a> ein.<\/p>\n<p>Prof. Klaus T\u00f6pfer, Bundesminister a.D. und langj\u00e4hriger Exekutivdirektor des Umweltprogramms der Vereinten Nationen (UNEP), ist im Laufe seines politischen Wirkens stets eine starke Stimme f\u00fcr den Multilateralismus gewesen.<span class=\"Apple-converted-space\">&nbsp;Armin Laschet und Professor Sabine von&nbsp;<\/span>Schorlemer wollen mit ihm \u00fcber die Vereinten Nationen und die dr\u00e4ngenden Themen der Weltgemeinschaft diskutieren.<\/p>\n<p><b>Programm<\/b><\/p>\n<p>Einlass ab: 19:30 Uhr<\/p>\n<p>Beginn: 20:15 Uhr<span class=\"Apple-converted-space\">&nbsp;<\/span><\/p>\n<p>Begr\u00fc\u00dfung: Detlef Dzembritzki, DGVN-Vorsitzender<span class=\"Apple-converted-space\">&nbsp;<\/span><\/p>\n<p>Laudatio: Armin Laschet, Ministerpr\u00e4sident des Landes Nordrhein-Westfalen<span class=\"Apple-converted-space\">&nbsp;<\/span><\/p>\n<p>DGVN-Pr\u00e4sidium im Gespr\u00e4ch: Armin Laschet, Prof. Dr. Sabine von Schorlemer, Prof. Dr. Klaus T\u00f6pfer<span class=\"Apple-converted-space\">&nbsp;<\/span><\/p>\n<p>Moderation: Hannah Birkenk\u00f6tter, DGVN-Vorstand<span class=\"Apple-converted-space\">&nbsp;<\/span><\/p>\n<p>Empfang: 21:45 Uhr<\/p>\n<p>Musikalische Begleitung: Umbrella Jazzmen<\/p>\n<p>Veranstaltungsende: 23:00 Uhr<\/p>\n<p>Veranstaltungsort: Vertretung des Landes Nordrhein-Westfalen beim Bund, Hiroshimastra\u00dfe 12-16, 10785 Berlin<\/p>\n<p>Bitte melden Sie sich \u00fcber dieses&nbsp;<a href=\"https:\/\/dgvn.de\/index.php?id=3216\">Onlineformular<\/a>&nbsp;an.<\/p>\n<p>Noch mehr Informationen zur UN bekommen Sie in unserem <a href=\"https:\/\/www.fu-berlin.de\/sites\/ub\/ueber-uns\/un-eu\/\">Dokumentationszentrum UN-EU<\/a>.<\/p>","protected":false},"excerpt":{"rendered":"<p>Der Betrieb des \u201eDokumentationszentrums UN \u2013 EU\u201c wird eingestellt. Die entsprechende Literatur bleibt im Bestand und ist weiterhin zug\u00e4nglich. Professor Klaus T\u00f6pfer wird 80 Jahre alt. Die Deutsche Gesellschaft f\u00fcr die Vereinten Nationen (DGVN) und&nbsp;die&nbsp;Vertretung des Landes Nordrhein-Westfalen beim Bund laden&nbsp;aus diesem Anlass am 12. November 2018 zu der Veranstaltung&nbsp;Multilateralismus braucht starke Stimmen ein. Prof. &hellip; <a href=\"https:\/\/blogs.fu-berlin.de\/bibliotheken\/2018\/11\/07\/multilateralismus-braucht-starke-stimmen\/\" class=\"more-link\"><span class=\"screen-reader-text\">\u201eMultilateralismus braucht starke Stimmen\u201c<\/span> weiterlesen<\/a><\/p>\n","protected":false},"author":2907,"featured_media":0,"comment_status":"open","ping_status":"open","sticky":false,"template":"","format":"standard","meta":{"footnotes":""},"categories":[70],"tags":[57510,2458,227344,196754,12086],"class_list":["post-24178","post","type-post","status-publish","format-standard","hentry","category-veranstaltungen","tag-dgvn","tag-dokumentationszentrum-un-eu","tag-multilateralismus","tag-undp","tag-vereinte-nationen"],"_links":{"self":[{"href":"https:\/\/blogs.fu-berlin.de\/bibliotheken\/wp-json\/wp\/v2\/posts\/24178","targetHints":{"allow":["GET"]}}],"collection":[{"href":"https:\/\/blogs.fu-berlin.de\/bibliotheken\/wp-json\/wp\/v2\/posts"}],"about":[{"href":"https:\/\/blogs.fu-berlin.de\/bibliotheken\/wp-json\/wp\/v2\/types\/post"}],"author":[{"embeddable":true,"href":"https:\/\/blogs.fu-berlin.de\/bibliotheken\/wp-json\/wp\/v2\/users\/2907"}],"replies":[{"embeddable":true,"href":"https:\/\/blogs.fu-berlin.de\/bibliotheken\/wp-json\/wp\/v2\/comments?post=24178"}],"version-history":[{"count":10,"href":"https:\/\/blogs.fu-berlin.de\/bibliotheken\/wp-json\/wp\/v2\/posts\/24178\/revisions"}],"predecessor-version":[{"id":29647,"href":"https:\/\/blogs.fu-berlin.de\/bibliotheken\/wp-json\/wp\/v2\/posts\/24178\/revisions\/29647"}],"wp:attachment":[{"href":"https:\/\/blogs.fu-berlin.de\/bibliotheken\/wp-json\/wp\/v2\/media?parent=24178"}],"wp:term":[{"taxonomy":"category","embeddable":true,"href":"https:\/\/blogs.fu-berlin.de\/bibliotheken\/wp-json\/wp\/v2\/categories?post=24178"},{"taxonomy":"post_tag","embeddable":true,"href":"https:\/\/blogs.fu-berlin.de\/bibliotheken\/wp-json\/wp\/v2\/tags?post=24178"}],"curies":[{"name":"wp","href":"https:\/\/api.w.org\/{rel}","templated":true}]}}