{"id":24184,"date":"2018-11-14T09:01:36","date_gmt":"2018-11-14T08:01:36","guid":{"rendered":"https:\/\/blogs.fu-berlin.de\/bibliotheken\/?p=24184"},"modified":"2021-09-14T07:51:01","modified_gmt":"2021-09-14T06:51:01","slug":"start-der-bewerbungsphase-am-college-of-europe-2019-20","status":"publish","type":"post","link":"https:\/\/blogs.fu-berlin.de\/bibliotheken\/2018\/11\/14\/start-der-bewerbungsphase-am-college-of-europe-2019-20\/","title":{"rendered":"Start der Bewerbungsphase am College of Europe 2019\/20"},"content":{"rendered":"\n<p><em><span class=\"has-inline-color has-bright-red-color\">Der Betrieb des \u201eDokumentationszentrums UN \u2013 EU\u201c wird eingestellt. Die entsprechende Literatur bleibt im Bestand und ist weiterhin zug\u00e4nglich.<\/span><\/em><\/p>\n\n\n<p><figure id=\"attachment_24187\" aria-describedby=\"caption-attachment-24187\" style=\"width: 300px\" class=\"wp-caption alignright\"><img loading=\"lazy\" decoding=\"async\" class=\"size-medium wp-image-24187\" src=\"https:\/\/blogs.fu-berlin.de\/bibliotheken\/files\/2018\/11\/accomplishment-celebrate-ceremony-267885-300x200.jpg\" alt=\"\" width=\"300\" height=\"200\" srcset=\"https:\/\/blogs.fu-berlin.de\/bibliotheken\/files\/2018\/11\/accomplishment-celebrate-ceremony-267885-300x200.jpg 300w, https:\/\/blogs.fu-berlin.de\/bibliotheken\/files\/2018\/11\/accomplishment-celebrate-ceremony-267885-1200x800.jpg 1200w\" sizes=\"auto, (max-width: 300px) 85vw, 300px\" \/><figcaption id=\"caption-attachment-24187\" class=\"wp-caption-text\">Quelle: pexels.com \u2013 CC0 License<\/figcaption><\/figure><\/p>\n<p>Liebe Leserinnen und Leser, f\u00fcr Sie zusammengestellt, einige Informationen zum Start der Bewerbungsphase f\u00fcr das College of Europe 2019\/20.<\/p>\n<div class=\"post-single post-single-page\">\n<div class=\"page-wrapper page-content page-content-simple clearfix\">\n<div class=\"main-content-column article-column\">\n<div class=\"copy-wrapper clearfix\">\n<p>Das <a href=\"https:\/\/www.coleurope.eu\/\">College of Europe<\/a> ist das \u00e4lteste und renommierteste Institut f\u00fcr postgraduierte European Studies in Europa. Seit Gr\u00fcndung des College of Europe im Jahr 1949 haben viele Tausend Absolventinnen und Absolventen des European Studies-Programms erfolgreiche Karrieren in europ\u00e4ischen und internationalen Institutionen, Parlamenten, Unternehmen und Verb\u00e4nden gestartet und auf diese Weise ein weltweites Netzwerk aus hochqualifizierten Alumni aufgebaut. Die enge Kooperation des College of Europe mit den Br\u00fcsseler Institutionen sowie der exzellente Ruf der fachlichen Lehre sorgen daf\u00fcr, dass j\u00e4hrlich etwa 400 Studentinnen und Studenten&nbsp;aus mehr als 50 L\u00e4ndern dieses erfolgreiche Netzwerk verst\u00e4rken.<\/p>\n<p>Europa spielt in der heutigen Welt eine immer wichtigere Rolle als regionaler und globaler Akteur. Ein Postgraduiertenstudium im Bereich European Studies bereitet optimal auf eine Karriere im europ\u00e4ischen und internationalen Kontext vor. Nationale und internationale Unternehmen und Organisationen setzen bereits heute auf eine hervorragende Europakompetenz. Das European Studies-Programm am College of Europe vermittelt diese Kompetenz in den Bereichen Wirtschaft, Recht, Internationale Beziehungen sowie Politik und Verwaltung.<\/p>\n<div class=\"post-single post-single-page\">\n<div class=\"page-wrapper page-content page-content-simple clearfix\">\n<div class=\"main-content-column article-column\">\n<div class=\"copy-wrapper clearfix\">\n<p>Vom <strong>26. Oktober bis zum 16. Januar<\/strong> sind <a href=\"https:\/\/www.coleurope.eu\/admission\">Bewerbungen<\/a> f\u00fcr das Studienjahr 2019\/20 m\u00f6glich. Das Studium dauert 10 Monate (Anfang September 2019 bis Ende Juni 2020). F\u00fcr die Vergabe der etwa 30 deutschen Stipendien und Studienpl\u00e4tze am College of Europe ist die <a href=\"http:\/\/www.netzwerk-ebd.de\">Europ\u00e4ische Bewegung Deutschland e. V.<\/a> zust\u00e4ndig.<\/p>\n<div class=\"post-single post-single-page\">\n<div class=\"page-wrapper page-content page-content-simple clearfix\">\n<div class=\"main-content-column article-column\">\n<div class=\"copy-wrapper clearfix\">\n<div class=\"csc-header csc-header-n2\">\n<h5>Bewerbungsvoraussetzungen:<\/h5>\n<\/div>\n<p class=\"bodytext\">Grunds\u00e4tzliche Voraussetzung f\u00fcr die Bewerbung ist ein abgeschlossenes Diplom- bzw.&nbsp;Masterstudium oder ein gleichwertiger Studienabschluss (240 ECTS), insbesondere in den F\u00e4chern Rechts-, Wirtschafts-, Politik- und Verwaltungswissenschaften, Internationale&nbsp;Beziehungen, Europastudien,&nbsp;Geschichte, Philosophie, Kommunikationswissenschaften, Journalismus&nbsp;und&nbsp;verwandten Fachbereichen. Das College of Europe Natolin&nbsp;richtet sich au\u00dferdem an Studierende der Sozial- und&nbsp;Sprachwissenschaften, Geographie und \u00e4hnlicher F\u00e4cher.<\/p>\n<p class=\"bodytext\">Auch Bachelor-Studenten mit 180 ECTS-Punkten k\u00f6nnen sich bewerben, sofern sie&nbsp;\u00fcber die notwendigen&nbsp;fachlichen und pers\u00f6nlichen Qualifikationen f\u00fcr den Studiengang verf\u00fcgen.<\/p>\n<p>Alle weiteren Informationen zum Bewerbungsverfahren finden Sie unter: <a href=\"https:\/\/www.netzwerk-ebd.de\/aktivitaeten\/coe\/bewerbung\/\">https:\/\/www.netzwerk-ebd.de\/aktivitaeten\/coe\/bewerbung\/<\/a><\/p>\n<p>Noch mehr Informationen zur EU bekommen Sie in unserem <a href=\"https:\/\/www.fu-berlin.de\/sites\/ub\/ueber-uns\/un-eu\/\">Dokumentationszentrum UN-EU<\/a>.<\/p>\n<\/div>\n<\/div>\n<\/div>\n<\/div>\n<\/div>\n<\/div>\n<\/div>\n<\/div>\n<\/div>\n<\/div>\n<\/div>\n<\/div>","protected":false},"excerpt":{"rendered":"<p>Der Betrieb des \u201eDokumentationszentrums UN \u2013 EU\u201c wird eingestellt. Die entsprechende Literatur bleibt im Bestand und ist weiterhin zug\u00e4nglich. Liebe Leserinnen und Leser, f\u00fcr Sie zusammengestellt, einige Informationen zum Start der Bewerbungsphase f\u00fcr das College of Europe 2019\/20. Das College of Europe ist das \u00e4lteste und renommierteste Institut f\u00fcr postgraduierte European Studies in Europa. Seit &hellip; <a href=\"https:\/\/blogs.fu-berlin.de\/bibliotheken\/2018\/11\/14\/start-der-bewerbungsphase-am-college-of-europe-2019-20\/\" class=\"more-link\"><span class=\"screen-reader-text\">\u201eStart der Bewerbungsphase am College of Europe 2019\/20\u201c<\/span> weiterlesen<\/a><\/p>\n","protected":false},"author":3230,"featured_media":0,"comment_status":"open","ping_status":"open","sticky":false,"template":"","format":"standard","meta":{"footnotes":""},"categories":[604,491],"tags":[227345,2458,227346],"class_list":["post-24184","post","type-post","status-publish","format-standard","hentry","category-ins-netz-geschaut","category-lernangebote-kurse","tag-college-of-europe","tag-dokumentationszentrum-un-eu","tag-postgraduiertenstudium"],"_links":{"self":[{"href":"https:\/\/blogs.fu-berlin.de\/bibliotheken\/wp-json\/wp\/v2\/posts\/24184","targetHints":{"allow":["GET"]}}],"collection":[{"href":"https:\/\/blogs.fu-berlin.de\/bibliotheken\/wp-json\/wp\/v2\/posts"}],"about":[{"href":"https:\/\/blogs.fu-berlin.de\/bibliotheken\/wp-json\/wp\/v2\/types\/post"}],"author":[{"embeddable":true,"href":"https:\/\/blogs.fu-berlin.de\/bibliotheken\/wp-json\/wp\/v2\/users\/3230"}],"replies":[{"embeddable":true,"href":"https:\/\/blogs.fu-berlin.de\/bibliotheken\/wp-json\/wp\/v2\/comments?post=24184"}],"version-history":[{"count":6,"href":"https:\/\/blogs.fu-berlin.de\/bibliotheken\/wp-json\/wp\/v2\/posts\/24184\/revisions"}],"predecessor-version":[{"id":29264,"href":"https:\/\/blogs.fu-berlin.de\/bibliotheken\/wp-json\/wp\/v2\/posts\/24184\/revisions\/29264"}],"wp:attachment":[{"href":"https:\/\/blogs.fu-berlin.de\/bibliotheken\/wp-json\/wp\/v2\/media?parent=24184"}],"wp:term":[{"taxonomy":"category","embeddable":true,"href":"https:\/\/blogs.fu-berlin.de\/bibliotheken\/wp-json\/wp\/v2\/categories?post=24184"},{"taxonomy":"post_tag","embeddable":true,"href":"https:\/\/blogs.fu-berlin.de\/bibliotheken\/wp-json\/wp\/v2\/tags?post=24184"}],"curies":[{"name":"wp","href":"https:\/\/api.w.org\/{rel}","templated":true}]}}