{"id":24201,"date":"2018-11-14T12:00:22","date_gmt":"2018-11-14T11:00:22","guid":{"rendered":"https:\/\/blogs.fu-berlin.de\/bibliotheken\/?p=24201"},"modified":"2021-09-16T13:45:33","modified_gmt":"2021-09-16T12:45:33","slug":"dgvn-mittagsgespraech-krisenpraevention-in-sri-lanka","status":"publish","type":"post","link":"https:\/\/blogs.fu-berlin.de\/bibliotheken\/2018\/11\/14\/dgvn-mittagsgespraech-krisenpraevention-in-sri-lanka\/","title":{"rendered":"DGVN-Mittagsgespr\u00e4ch: &#8222;Krisenpr\u00e4vention in Sri Lanka&#8220;"},"content":{"rendered":"\n<p><em><span class=\"has-inline-color has-bright-red-color\">Der Betrieb des \u201eDokumentationszentrums UN \u2013 EU\u201c wird eingestellt. Die entsprechende Literatur bleibt im Bestand und ist weiterhin zug\u00e4nglich.<\/span><\/em><\/p>\n\n\n<p>Die Deutsche Gesellschaft f\u00fcr die Vereinten Nationen (DGVN) l\u00e4dt am 22. November 2018 zu einem <a href=\"https:\/\/dgvn.de\/aktivitaeten\/einzelansicht\/dgvn-mittagsgespraech-krisenpraevention-in-sri-lanka\/\">Mittagsgespr\u00e4ch &#8222;Krisenpr\u00e4vention in Sri Lanka&#8220;<\/a> ein.<\/p>\n<p>Nach 25 Jahren endete 2009 der B\u00fcrgerkrieg zwischen der singhalesischen Bev\u00f6lkerungsmehrheit und den Separatisten der tamilischen Minderheit in Sri Lanka. Nach einer kurzen Phase des Friedens und des Versuchs dem Land Stabilit\u00e4t zu geben, l\u00f6ste die R\u00fcckkehr des h\u00f6chst umstrittenen ehemaligen Pr\u00e4sidenten Mahinda Rajapaksa als Premierminister Sri Lankas, im Herbst 2018, eine Verfassungskrise aus.<\/p>\n<p>Gibt es die M\u00f6glichkeit der Deeskalation und Konfliktpr\u00e4vention durch die internationale Gemeinschaft? K\u00f6nnen die Vereinten Nationen, die bereits seit mehr als 60 Jahren im Land aktiv sind, der zentrale Akteur sein?<\/p>\n<p>Gemeinsam mit Luxshi Vimalarajah (Berghof Foundation) diskutieren der stellv. Vorsitzende der DGVN Dr. Ekkehard Griep und DGVN-Mitglied Florian Johren, beide waren im Rahmen einer DGVN-Studienreise 2018 in Sri Lanka, \u00fcber ihre Eindr\u00fccke vor Ort, die aktuellen Entwicklungen und M\u00f6glichkeiten der Krisenpr\u00e4vention.<\/p>\n<p><strong>PROGRAMM<\/strong><\/p>\n<p>11:50 Einlass<\/p>\n<p>12:00 Leichtes Mittagessen<\/p>\n<p>12:30 Beginn des Gespr\u00e4chs<\/p>\n<p>14:00 Ende der Veranstaltung<\/p>\n<p><strong>Moderation: <\/strong>Gerrit Kurtz (Redaktionsbeirat Zeitschrift Vereinte Nationen) moderiert das Gespr\u00e4ch.<\/p>\n<p><strong>Veranstaltungsort:<\/strong><b><\/b>&#8222;Konferenzraum K36&#8220; in der Zimmerstr. 26\/27, 10969 Berlin (Aufgang D, Erdgeschoss)<\/p>\n<p>Bitte melden Sie sich <a href=\"https:\/\/dgvn.de\/aktivitaeten\/mittagsgespraech-sri-lanka\/\">hier<\/a> f\u00fcr das Mittagsgespr\u00e4ch an.<\/p>\n<p>Noch mehr Informationen zur UN bekommen Sie in unserem <a href=\"https:\/\/www.ub.fu-berlin.de\/bibliothek\/uneu\/\">Dokumentationszentrum UN-EU<\/a>.<\/p>","protected":false},"excerpt":{"rendered":"<p>Der Betrieb des \u201eDokumentationszentrums UN \u2013 EU\u201c wird eingestellt. Die entsprechende Literatur bleibt im Bestand und ist weiterhin zug\u00e4nglich. Die Deutsche Gesellschaft f\u00fcr die Vereinten Nationen (DGVN) l\u00e4dt am 22. November 2018 zu einem Mittagsgespr\u00e4ch &#8222;Krisenpr\u00e4vention in Sri Lanka&#8220; ein. Nach 25 Jahren endete 2009 der B\u00fcrgerkrieg zwischen der singhalesischen Bev\u00f6lkerungsmehrheit und den Separatisten der &hellip; <a href=\"https:\/\/blogs.fu-berlin.de\/bibliotheken\/2018\/11\/14\/dgvn-mittagsgespraech-krisenpraevention-in-sri-lanka\/\" class=\"more-link\"><span class=\"screen-reader-text\">\u201eDGVN-Mittagsgespr\u00e4ch: &#8222;Krisenpr\u00e4vention in Sri Lanka&#8220;\u201c<\/span> weiterlesen<\/a><\/p>\n","protected":false},"author":2907,"featured_media":0,"comment_status":"open","ping_status":"open","sticky":false,"template":"","format":"standard","meta":{"footnotes":""},"categories":[70],"tags":[57510,2458,227348,12086],"class_list":["post-24201","post","type-post","status-publish","format-standard","hentry","category-veranstaltungen","tag-dgvn","tag-dokumentationszentrum-un-eu","tag-sri-lanka","tag-vereinte-nationen"],"_links":{"self":[{"href":"https:\/\/blogs.fu-berlin.de\/bibliotheken\/wp-json\/wp\/v2\/posts\/24201","targetHints":{"allow":["GET"]}}],"collection":[{"href":"https:\/\/blogs.fu-berlin.de\/bibliotheken\/wp-json\/wp\/v2\/posts"}],"about":[{"href":"https:\/\/blogs.fu-berlin.de\/bibliotheken\/wp-json\/wp\/v2\/types\/post"}],"author":[{"embeddable":true,"href":"https:\/\/blogs.fu-berlin.de\/bibliotheken\/wp-json\/wp\/v2\/users\/2907"}],"replies":[{"embeddable":true,"href":"https:\/\/blogs.fu-berlin.de\/bibliotheken\/wp-json\/wp\/v2\/comments?post=24201"}],"version-history":[{"count":4,"href":"https:\/\/blogs.fu-berlin.de\/bibliotheken\/wp-json\/wp\/v2\/posts\/24201\/revisions"}],"predecessor-version":[{"id":29645,"href":"https:\/\/blogs.fu-berlin.de\/bibliotheken\/wp-json\/wp\/v2\/posts\/24201\/revisions\/29645"}],"wp:attachment":[{"href":"https:\/\/blogs.fu-berlin.de\/bibliotheken\/wp-json\/wp\/v2\/media?parent=24201"}],"wp:term":[{"taxonomy":"category","embeddable":true,"href":"https:\/\/blogs.fu-berlin.de\/bibliotheken\/wp-json\/wp\/v2\/categories?post=24201"},{"taxonomy":"post_tag","embeddable":true,"href":"https:\/\/blogs.fu-berlin.de\/bibliotheken\/wp-json\/wp\/v2\/tags?post=24201"}],"curies":[{"name":"wp","href":"https:\/\/api.w.org\/{rel}","templated":true}]}}