{"id":24230,"date":"2018-11-28T12:08:22","date_gmt":"2018-11-28T11:08:22","guid":{"rendered":"https:\/\/blogs.fu-berlin.de\/bibliotheken\/?p=24230"},"modified":"2021-09-14T07:49:36","modified_gmt":"2021-09-14T06:49:36","slug":"preisverleihung-akademischer-essaywettbewerb-1918-2018-wohin-strebt-europa","status":"publish","type":"post","link":"https:\/\/blogs.fu-berlin.de\/bibliotheken\/2018\/11\/28\/preisverleihung-akademischer-essaywettbewerb-1918-2018-wohin-strebt-europa\/","title":{"rendered":"Preisverleihung Akademischer Essaywettbewerb 1918-2018: Wohin strebt Europa?"},"content":{"rendered":"\n<p><em><span class=\"has-inline-color has-bright-red-color\">Der Betrieb des \u201eDokumentationszentrums UN \u2013 EU\u201c wird eingestellt. Die entsprechende Literatur bleibt im Bestand und ist weiterhin zug\u00e4nglich.<\/span><\/em><\/p>\n\n\n<p><figure id=\"attachment_24256\" aria-describedby=\"caption-attachment-24256\" style=\"width: 300px\" class=\"wp-caption alignright\"><img loading=\"lazy\" decoding=\"async\" class=\"wp-image-24256 size-medium\" src=\"https:\/\/blogs.fu-berlin.de\/bibliotheken\/files\/2018\/12\/Einladungsflyer-Debatte-300x225.jpg\" alt=\"\" width=\"300\" height=\"225\" srcset=\"https:\/\/blogs.fu-berlin.de\/bibliotheken\/files\/2018\/12\/Einladungsflyer-Debatte-300x225.jpg 300w, https:\/\/blogs.fu-berlin.de\/bibliotheken\/files\/2018\/12\/Einladungsflyer-Debatte.jpg 800w\" sizes=\"auto, (max-width: 300px) 85vw, 300px\" \/><figcaption id=\"caption-attachment-24256\" class=\"wp-caption-text\">Quelle: Deutsche Gesellschaft e.V. Verein zur F\u00f6rderung politischer, kultureller und sozialer Beziehungen in Europa<\/figcaption><\/figure><\/p>\n<p>Die <a href=\"https:\/\/www.deutsche-gesellschaft-ev.de\/\">Deutsche Gesellschaft e. V.<\/a> lud in diesem Jahr in Kooperation mit der <a href=\"https:\/\/www.nationalstiftung.de\/\">Deutschen Nationalstiftung<\/a>&nbsp; Student*innen dazu ein, sich in einem Essay mit einer aktuellen und gesellschaftsrelevanten Fragestellung zu Europa, seiner Gegenwart und Zukunft, aber auch zu 100 Jahren europ\u00e4ischer Geschichte zu besch\u00e4ftigen.<\/p>\n<p>Gef\u00f6rdert wurde der Wettbewerb durch das <a href=\"https:\/\/www.bmi.bund.de\/DE\/startseite\/startseite-node.html\">Bundesministerium des Inneren<\/a> und unterst\u00fctzt durch die <a href=\"https:\/\/www.fu-berlin.de\/\">Freie Universit\u00e4t<\/a> sowie das <a href=\"https:\/\/www.fu-berlin.de\/sites\/ub\/ueber-uns\/un-eu\/index.html\">Dokumentationszentrum Vereinte Nationen und Europ\u00e4ische Union<\/a>.<\/p>\n<p>Aus den zahlreich eingegangenen Essays wurden drei Gewinner*innen ausgew\u00e4hlt: Der 1. Platz geht an Florian Eichblatt (WWU M\u00fcnster), der 2. Platz an Hannah Wendt (Universit\u00e4t Hildesheim) und der 3. Platz geht an Paul Helm (Universit\u00e4t Konstanz).<\/p>\n<p>Die <a href=\"https:\/\/www.deutsche-gesellschaft-ev.de\/images\/pdf\/2018-kg-essaywettbewerb\/Einladungsflyer-Debatte_Web.pdf\">Urkunden\u00fcberreichung<\/a> mit anschlie\u00dfendem Empfang wird am <strong>11. Dezember 2018 <\/strong>an der <strong>Freien Universit\u00e4t Berlin <\/strong>stattfinden. Gemeinsam mit <strong>Frau Prof. Dr. Tanja B\u00f6rzel<\/strong> (u. a. Inhaberin des <a href=\"https:\/\/www.polsoz.fu-berlin.de\/polwiss\/forschung\/international\/europa\/jean_monnet\/index.html\">Jean Monnet Lehrstuhls<\/a> und Leiterin der <a href=\"https:\/\/www.polsoz.fu-berlin.de\/polwiss\/forschung\/international\/europa\/index.html\">Arbeitsstelle Europ\u00e4ische Integration<\/a> an der FU Berlin) und Student*innen der FU kommen die drei Preistr\u00e4ger*innen \u00fcber ihre Beitr\u00e4ge ins Gespr\u00e4ch.<\/p>\n<p><strong>Ort: <\/strong>H\u00f6rsaal A &#8211; Otto-Suhr Institut f\u00fcr Politikwissenschaft, Ihnestra\u00dfe 21, 14195 Berlin<\/p>\n<p><strong>Zeit: <\/strong>Dienstag, 11.12.2018 von 12:00 &#8211; 13:00 Uhr<\/p>\n<p>Noch mehr Informationen zur EU bekommen Sie in unserem <a href=\"https:\/\/www.ub.fu-berlin.de\/bibliothek\/uneu\/\">Dokumentationszentrum UN-EU<\/a>.<\/p>","protected":false},"excerpt":{"rendered":"<p>Der Betrieb des \u201eDokumentationszentrums UN \u2013 EU\u201c wird eingestellt. Die entsprechende Literatur bleibt im Bestand und ist weiterhin zug\u00e4nglich. Die Deutsche Gesellschaft e. V. lud in diesem Jahr in Kooperation mit der Deutschen Nationalstiftung&nbsp; Student*innen dazu ein, sich in einem Essay mit einer aktuellen und gesellschaftsrelevanten Fragestellung zu Europa, seiner Gegenwart und Zukunft, aber auch &hellip; <a href=\"https:\/\/blogs.fu-berlin.de\/bibliotheken\/2018\/11\/28\/preisverleihung-akademischer-essaywettbewerb-1918-2018-wohin-strebt-europa\/\" class=\"more-link\"><span class=\"screen-reader-text\">\u201ePreisverleihung Akademischer Essaywettbewerb 1918-2018: Wohin strebt Europa?\u201c<\/span> weiterlesen<\/a><\/p>\n","protected":false},"author":2907,"featured_media":0,"comment_status":"open","ping_status":"open","sticky":false,"template":"","format":"standard","meta":{"footnotes":""},"categories":[9],"tags":[227373,227372,187968,227371,2458],"class_list":["post-24230","post","type-post","status-publish","format-standard","hentry","category-allgemein","tag-arbeitsstelle-europaeische-integration","tag-bundesministerium-des-inneren","tag-deutsche-gesellschaft-e-v","tag-deutsche-nationalstiftung","tag-dokumentationszentrum-un-eu"],"_links":{"self":[{"href":"https:\/\/blogs.fu-berlin.de\/bibliotheken\/wp-json\/wp\/v2\/posts\/24230","targetHints":{"allow":["GET"]}}],"collection":[{"href":"https:\/\/blogs.fu-berlin.de\/bibliotheken\/wp-json\/wp\/v2\/posts"}],"about":[{"href":"https:\/\/blogs.fu-berlin.de\/bibliotheken\/wp-json\/wp\/v2\/types\/post"}],"author":[{"embeddable":true,"href":"https:\/\/blogs.fu-berlin.de\/bibliotheken\/wp-json\/wp\/v2\/users\/2907"}],"replies":[{"embeddable":true,"href":"https:\/\/blogs.fu-berlin.de\/bibliotheken\/wp-json\/wp\/v2\/comments?post=24230"}],"version-history":[{"count":15,"href":"https:\/\/blogs.fu-berlin.de\/bibliotheken\/wp-json\/wp\/v2\/posts\/24230\/revisions"}],"predecessor-version":[{"id":29260,"href":"https:\/\/blogs.fu-berlin.de\/bibliotheken\/wp-json\/wp\/v2\/posts\/24230\/revisions\/29260"}],"wp:attachment":[{"href":"https:\/\/blogs.fu-berlin.de\/bibliotheken\/wp-json\/wp\/v2\/media?parent=24230"}],"wp:term":[{"taxonomy":"category","embeddable":true,"href":"https:\/\/blogs.fu-berlin.de\/bibliotheken\/wp-json\/wp\/v2\/categories?post=24230"},{"taxonomy":"post_tag","embeddable":true,"href":"https:\/\/blogs.fu-berlin.de\/bibliotheken\/wp-json\/wp\/v2\/tags?post=24230"}],"curies":[{"name":"wp","href":"https:\/\/api.w.org\/{rel}","templated":true}]}}