{"id":24268,"date":"2018-12-06T12:30:26","date_gmt":"2018-12-06T11:30:26","guid":{"rendered":"https:\/\/blogs.fu-berlin.de\/bibliotheken\/?p=24268"},"modified":"2021-09-14T07:49:11","modified_gmt":"2021-09-14T06:49:11","slug":"24-un-klimakonferenz-in-katowice-2018","status":"publish","type":"post","link":"https:\/\/blogs.fu-berlin.de\/bibliotheken\/2018\/12\/06\/24-un-klimakonferenz-in-katowice-2018\/","title":{"rendered":"24. UN-Klimakonferenz in Katowice 2018"},"content":{"rendered":"\n<p><em><span class=\"has-inline-color has-bright-red-color\">Der Betrieb des \u201eDokumentationszentrums UN \u2013 EU\u201c wird eingestellt. Die entsprechende Literatur bleibt im Bestand und ist weiterhin zug\u00e4nglich.<\/span><\/em><\/p>\n\n\n<p><figure id=\"attachment_24279\" aria-describedby=\"caption-attachment-24279\" style=\"width: 300px\" class=\"wp-caption alignright\"><img loading=\"lazy\" decoding=\"async\" class=\"wp-image-24279 size-medium\" src=\"https:\/\/blogs.fu-berlin.de\/bibliotheken\/files\/2018\/12\/SD-Picture_Pixabay_Umweltverschmutzung-300x200.png\" alt=\"\" width=\"300\" height=\"200\" srcset=\"https:\/\/blogs.fu-berlin.de\/bibliotheken\/files\/2018\/12\/SD-Picture_Pixabay_Umweltverschmutzung-300x200.png 300w, https:\/\/blogs.fu-berlin.de\/bibliotheken\/files\/2018\/12\/SD-Picture_Pixabay_Umweltverschmutzung-1200x799.png 1200w, https:\/\/blogs.fu-berlin.de\/bibliotheken\/files\/2018\/12\/SD-Picture_Pixabay_Umweltverschmutzung.png 1920w\" sizes=\"auto, (max-width: 300px) 85vw, 300px\" \/><figcaption id=\"caption-attachment-24279\" class=\"wp-caption-text\">Quelle: Pixabay (SD-Pictures)<\/figcaption><\/figure><\/p>\n<p><span lang=\"de\">Nur Tage nachdem die Vereinten Nationen die hohe Konzentration von Treibhausgasen in der Atmosph\u00e4re angemahnt hatten, versammelt sich die Welt in <a href=\"https:\/\/www.katowice.eu\/de\">Katowice<\/a> zur j\u00e4hrlichen <a href=\"https:\/\/www.bundesregierung.de\/breg-de\/aktuelles\/24-un-klimakonferenz-in-kattowitz-1555662\">Weltklimakonferenz<\/a>. Es ist die nunmehr&nbsp;<strong><a href=\"http:\/\/www.un.org\/en\/climatechange\/cop24.shtml\"> 24. UN-Klimakonferenz<\/a>&nbsp;<\/strong> (<i>United Nations Framework Convention on Climate Change<\/i>, <i>24th Conference of the Parties<\/i>, kurz COP 24).<\/span><\/p>\n<p>Die Konferenz ist gleichzeitig das 14. Treffen zum Kyoto-Protokoll (CMP 14), die 3. <i>Conference of the Parties serving as the meeting of the Parties to the Paris Agreement<\/i> (CMA) und die Folgekonferenz der 23. COP (2017 in Bonn).<\/p>\n<p><span lang=\"de\">Vom <strong>2. bis 14. Dezember 2018<\/strong> wird es in Katowice darum gehen zu definieren, wie das in Bonn beschlossene &#8222;Regelwerk&#8220; zur Umsetzung des&nbsp; Pariser Abkommen von 2015 vorangebracht werden soll.<\/span><\/p>\n<p><span lang=\"de\">Unter anderem haben sich alle L\u00e4nder verpflichtet, die Treibhausgasemissionen zu reduzieren, um den globalen durchschnittlichen <a href=\"https:\/\/youtu.be\/L3zvKxMkRIg\">Temperaturanstieg auf 1,5 \u00b0 C<\/a> zu begrenzen.<\/span><\/p>\n<p><span lang=\"de\">Die Begrenzung kann, so die Forschung, dazu beitragen, verheerende dauerhafte Sch\u00e4den f\u00fcr den Planeten und seine Menschen abzuwenden, einschlie\u00dflich u.a.: dem irreversiblen Verlust des Lebensraums von Tieren in der Arktis und Antarktis; Wasserknappheit, von der \u00fcber 300 Millionen Menschen betroffen sein k\u00f6nnten; das Verschwinden von Korallenriffen, die f\u00fcr ganze Gemeinden und das Leben im Meer unerl\u00e4sslich sind; Meeresspiegelanstieg, der die Zukunft und die Wirtschaft der gesamten kleinen Inselstaaten bedroht usw. Alles in allem sch\u00e4tzten die <a href=\"https:\/\/news.un.org\/en\/story\/2018\/11\/1026851\">Vereinten Nationen<\/a>, dass 420 Millionen Menschen weniger vom Klimawandel betroffen sein k\u00f6nnten, wenn wir es schaffen, den Anstieg auf 1,5 \u00b0 C zu reduieren.<\/span><\/p>\n<p>Noch mehr Informationen zur UN bekommen Sie in unserem <a href=\"https:\/\/www.ub.fu-berlin.de\/bibliothek\/uneu\/\">Dokumentationszentrum UN-EU<\/a>.<\/p>","protected":false},"excerpt":{"rendered":"<p>Der Betrieb des \u201eDokumentationszentrums UN \u2013 EU\u201c wird eingestellt. Die entsprechende Literatur bleibt im Bestand und ist weiterhin zug\u00e4nglich. Nur Tage nachdem die Vereinten Nationen die hohe Konzentration von Treibhausgasen in der Atmosph\u00e4re angemahnt hatten, versammelt sich die Welt in Katowice zur j\u00e4hrlichen Weltklimakonferenz. Es ist die nunmehr&nbsp; 24. UN-Klimakonferenz&nbsp; (United Nations Framework Convention on &hellip; <a href=\"https:\/\/blogs.fu-berlin.de\/bibliotheken\/2018\/12\/06\/24-un-klimakonferenz-in-katowice-2018\/\" class=\"more-link\"><span class=\"screen-reader-text\">\u201e24. UN-Klimakonferenz in Katowice 2018\u201c<\/span> weiterlesen<\/a><\/p>\n","protected":false},"author":2907,"featured_media":0,"comment_status":"open","ping_status":"open","sticky":false,"template":"","format":"standard","meta":{"footnotes":""},"categories":[9],"tags":[227359,2458,227358,196622,12086,227357],"class_list":["post-24268","post","type-post","status-publish","format-standard","hentry","category-allgemein","tag-cop-24","tag-dokumentationszentrum-un-eu","tag-katowice","tag-kyoto-protokoll","tag-vereinte-nationen","tag-weltklimakonferenz"],"_links":{"self":[{"href":"https:\/\/blogs.fu-berlin.de\/bibliotheken\/wp-json\/wp\/v2\/posts\/24268","targetHints":{"allow":["GET"]}}],"collection":[{"href":"https:\/\/blogs.fu-berlin.de\/bibliotheken\/wp-json\/wp\/v2\/posts"}],"about":[{"href":"https:\/\/blogs.fu-berlin.de\/bibliotheken\/wp-json\/wp\/v2\/types\/post"}],"author":[{"embeddable":true,"href":"https:\/\/blogs.fu-berlin.de\/bibliotheken\/wp-json\/wp\/v2\/users\/2907"}],"replies":[{"embeddable":true,"href":"https:\/\/blogs.fu-berlin.de\/bibliotheken\/wp-json\/wp\/v2\/comments?post=24268"}],"version-history":[{"count":11,"href":"https:\/\/blogs.fu-berlin.de\/bibliotheken\/wp-json\/wp\/v2\/posts\/24268\/revisions"}],"predecessor-version":[{"id":29258,"href":"https:\/\/blogs.fu-berlin.de\/bibliotheken\/wp-json\/wp\/v2\/posts\/24268\/revisions\/29258"}],"wp:attachment":[{"href":"https:\/\/blogs.fu-berlin.de\/bibliotheken\/wp-json\/wp\/v2\/media?parent=24268"}],"wp:term":[{"taxonomy":"category","embeddable":true,"href":"https:\/\/blogs.fu-berlin.de\/bibliotheken\/wp-json\/wp\/v2\/categories?post=24268"},{"taxonomy":"post_tag","embeddable":true,"href":"https:\/\/blogs.fu-berlin.de\/bibliotheken\/wp-json\/wp\/v2\/tags?post=24268"}],"curies":[{"name":"wp","href":"https:\/\/api.w.org\/{rel}","templated":true}]}}