{"id":24269,"date":"2018-12-04T11:09:42","date_gmt":"2018-12-04T10:09:42","guid":{"rendered":"https:\/\/blogs.fu-berlin.de\/bibliotheken\/?p=24269"},"modified":"2018-12-05T14:43:16","modified_gmt":"2018-12-05T13:43:16","slug":"noch-20-tuerchen-bis-weihnachten","status":"publish","type":"post","link":"https:\/\/blogs.fu-berlin.de\/bibliotheken\/2018\/12\/04\/noch-20-tuerchen-bis-weihnachten\/","title":{"rendered":"Noch 20 T\u00fcrchen bis Weihnachten"},"content":{"rendered":"<figure id=\"attachment_24270\" aria-describedby=\"caption-attachment-24270\" style=\"width: 300px\" class=\"wp-caption alignright\"><a href=\"https:\/\/www.fu-berlin.de\/sites\/ub\"><img loading=\"lazy\" decoding=\"async\" class=\"wp-image-24270 size-medium\" src=\"https:\/\/blogs.fu-berlin.de\/bibliotheken\/files\/2018\/12\/UB-Weihnachtskalender-WEB-04-300x200.png\" alt=\"Zum UB-Adventskalender ...\" width=\"300\" height=\"200\" srcset=\"https:\/\/blogs.fu-berlin.de\/bibliotheken\/files\/2018\/12\/UB-Weihnachtskalender-WEB-04-300x200.png 300w, https:\/\/blogs.fu-berlin.de\/bibliotheken\/files\/2018\/12\/UB-Weihnachtskalender-WEB-04-1200x799.png 1200w, https:\/\/blogs.fu-berlin.de\/bibliotheken\/files\/2018\/12\/UB-Weihnachtskalender-WEB-04.png 1300w\" sizes=\"auto, (max-width: 300px) 85vw, 300px\" \/><\/a><figcaption id=\"caption-attachment-24270\" class=\"wp-caption-text\">Zum UB-Adventskalender &#8230;<\/figcaption><\/figure>\n<p>Traditionsgem\u00e4\u00df pr\u00e4sentiert das Blog <a href=\"http:\/\/blog.bibliothekarisch.de\/blog\/2018\/12\/01\/mehr-oder-minder-bibliothekarische-adventskalender-2018\/\">Bibliothekarisch.de<\/a> jedes Jahr zur Weihnachtszeit eine Linkliste mit Online-Adventskalendern von Bibliotheken, Verlagen, Hochschulen usw. (teilweise auch mit kommerziellem Hintergrund). Auch wir als Universit\u00e4tsbibliothek reihen uns 2018 erstmals in den Reigen mit ein &#8211; der <a href=\"https:\/\/www.fu-berlin.de\/sites\/ub\">UB-Adventskalender<\/a> l\u00e4dt zum Entdecken des reichhaltigen, digitalen Angebots des FU-Bibliothekssystems ein. Wer also meint, dem Alter der klassischen Schokoladen-Weihnachtskalender entwachsen zu sein, findet in der Zeit von Christstollen, Gl\u00fchwein, Spekulatius &amp; Co. mit Sicherheit passende kalorien\u00e4rmere Varianten ? \u2026<\/p>\n","protected":false},"excerpt":{"rendered":"<p>Traditionsgem\u00e4\u00df pr\u00e4sentiert das Blog Bibliothekarisch.de jedes Jahr zur Weihnachtszeit eine Linkliste mit Online-Adventskalendern von Bibliotheken, Verlagen, Hochschulen usw. (teilweise auch mit kommerziellem Hintergrund). Auch wir als Universit\u00e4tsbibliothek reihen uns 2018 erstmals in den Reigen mit ein &#8211; der UB-Adventskalender l\u00e4dt zum Entdecken des reichhaltigen, digitalen Angebots des FU-Bibliothekssystems ein. Wer also meint, dem Alter der &hellip; <a href=\"https:\/\/blogs.fu-berlin.de\/bibliotheken\/2018\/12\/04\/noch-20-tuerchen-bis-weihnachten\/\" class=\"more-link\"><span class=\"screen-reader-text\">\u201eNoch 20 T\u00fcrchen bis Weihnachten\u201c<\/span> weiterlesen<\/a><\/p>\n","protected":false},"author":293,"featured_media":0,"comment_status":"open","ping_status":"open","sticky":false,"template":"","format":"standard","meta":{"footnotes":""},"categories":[9,457,604,601],"tags":[1339,227356],"class_list":["post-24269","post","type-post","status-publish","format-standard","hentry","category-allgemein","category-digitale-bibliothek","category-ins-netz-geschaut","category-universitatsbibliothek","tag-digitaler-adventskalender","tag-ub-adventskalender"],"_links":{"self":[{"href":"https:\/\/blogs.fu-berlin.de\/bibliotheken\/wp-json\/wp\/v2\/posts\/24269","targetHints":{"allow":["GET"]}}],"collection":[{"href":"https:\/\/blogs.fu-berlin.de\/bibliotheken\/wp-json\/wp\/v2\/posts"}],"about":[{"href":"https:\/\/blogs.fu-berlin.de\/bibliotheken\/wp-json\/wp\/v2\/types\/post"}],"author":[{"embeddable":true,"href":"https:\/\/blogs.fu-berlin.de\/bibliotheken\/wp-json\/wp\/v2\/users\/293"}],"replies":[{"embeddable":true,"href":"https:\/\/blogs.fu-berlin.de\/bibliotheken\/wp-json\/wp\/v2\/comments?post=24269"}],"version-history":[{"count":5,"href":"https:\/\/blogs.fu-berlin.de\/bibliotheken\/wp-json\/wp\/v2\/posts\/24269\/revisions"}],"predecessor-version":[{"id":24286,"href":"https:\/\/blogs.fu-berlin.de\/bibliotheken\/wp-json\/wp\/v2\/posts\/24269\/revisions\/24286"}],"wp:attachment":[{"href":"https:\/\/blogs.fu-berlin.de\/bibliotheken\/wp-json\/wp\/v2\/media?parent=24269"}],"wp:term":[{"taxonomy":"category","embeddable":true,"href":"https:\/\/blogs.fu-berlin.de\/bibliotheken\/wp-json\/wp\/v2\/categories?post=24269"},{"taxonomy":"post_tag","embeddable":true,"href":"https:\/\/blogs.fu-berlin.de\/bibliotheken\/wp-json\/wp\/v2\/tags?post=24269"}],"curies":[{"name":"wp","href":"https:\/\/api.w.org\/{rel}","templated":true}]}}