{"id":24332,"date":"2018-12-13T12:00:36","date_gmt":"2018-12-13T11:00:36","guid":{"rendered":"https:\/\/blogs.fu-berlin.de\/bibliotheken\/?p=24332"},"modified":"2021-09-14T07:48:47","modified_gmt":"2021-09-14T06:48:47","slug":"menschliche-entwicklung-zahlen-und-fakten-2018","status":"publish","type":"post","link":"https:\/\/blogs.fu-berlin.de\/bibliotheken\/2018\/12\/13\/menschliche-entwicklung-zahlen-und-fakten-2018\/","title":{"rendered":"Menschliche Entwicklung: Zahlen und Fakten 2018"},"content":{"rendered":"\n<p><em><span class=\"has-inline-color has-bright-red-color\">Der Betrieb des \u201eDokumentationszentrums UN \u2013 EU\u201c wird eingestellt. Die entsprechende Literatur bleibt im Bestand und ist weiterhin zug\u00e4nglich.<\/span><\/em><\/p>\n\n\n<p><figure id=\"attachment_24336\" aria-describedby=\"caption-attachment-24336\" style=\"width: 285px\" class=\"wp-caption alignright\"><img loading=\"lazy\" decoding=\"async\" class=\"wp-image-24336\" src=\"https:\/\/blogs.fu-berlin.de\/bibliotheken\/files\/2018\/12\/lego-1044891_1920-300x169.jpg\" alt=\"\" width=\"285\" height=\"160\" srcset=\"https:\/\/blogs.fu-berlin.de\/bibliotheken\/files\/2018\/12\/lego-1044891_1920-300x169.jpg 300w, https:\/\/blogs.fu-berlin.de\/bibliotheken\/files\/2018\/12\/lego-1044891_1920-1200x675.jpg 1200w, https:\/\/blogs.fu-berlin.de\/bibliotheken\/files\/2018\/12\/lego-1044891_1920.jpg 1920w\" sizes=\"auto, (max-width: 285px) 85vw, 285px\" \/><figcaption id=\"caption-attachment-24336\" class=\"wp-caption-text\">Quelle: Pixabay (Eak K.)<\/figcaption><\/figure><\/p>\n<p>Die <a href=\"http:\/\/DGVN.de\">Deutsche Gesellschaft f\u00fcr die Vereinten Nationen e.V. (DGVN)<\/a>&nbsp;l\u00e4dt am 18. Dezember 2018, von 9:30 &#8211; 11:00 Uhr, zu einer&nbsp;Veranstaltung zum <em>Konzept der&nbsp;menschlichen <\/em><em>Entwicklung<\/em>&nbsp;(mit&nbsp;Fr\u00fchst\u00fccksimbiss ab 9:00 Uhr) ein.<\/p>\n<p>Seit 1990 ver\u00f6ffentlicht das UN-Entwicklungsprogramm (<a href=\"http:\/\/www.undp.org\/content\/undp\/en\/home.html\">UNDP<\/a>) den&nbsp;<em>Bericht \u00fcber die menschliche Entwicklung<\/em>&nbsp;(<a href=\"http:\/\/www.hdr.undp.org\/en\">Human Development Report<\/a>) und den <em>Index der menschlichen Entwicklung<\/em><em>&nbsp;<\/em>(<a href=\"http:\/\/hdr.undp.org\/en\/content\/human-development-index-hdi\">Human Development Index, HDI<\/a>). Ziel des HDI ist es, eine \u00fcber die Messung von Wirtschaftswachstum hinausgehende Erfassung des Zustandes menschlicher Entwicklung weltweit und in verschiedenen L\u00e4ndern zu erm\u00f6glichen.<\/p>\n<p>Bei der Veranstaltung werden die&nbsp;aktuellen Zahlen&nbsp;des vom HDR-B\u00fcro herausgegebenen&nbsp;<a href=\"http:\/\/www.hdr.undp.org\/en\/2018-update\">Statistical Update 2018<\/a>&nbsp;erstmals in Deutschland vorgestellt. Gleichzeitig soll darauf geschaut werden, was in den vergangenen Jahrzehnten erreicht werden konnte, wo es noch Missst\u00e4nde gibt und warum das Konzept der menschlichen Entwicklung auch heute noch von gro\u00dfer Bedeutung ist.<\/p>\n<p><strong>PROGRAMM<\/strong><\/p>\n<ul>\n<li>Begr\u00fc\u00dfung durch die DGVN<\/li>\n<li>Vorstellung der Zahlen und Fakten zur menschlichen Entwicklung 2018<br>\nOliver Hasenkamp, DGVN<\/li>\n<li>Entstehung und Bedeutung der Messung von menschlicher Entwicklung<br>\nProf. Dr. Inge Kaul, Hertie School of Governance, erste Direktorin des HDR-B\u00fcros bei UNDP (1989 \u2013 1994), Leiterin des UNDP-B\u00fcros f\u00fcr Entwicklungsstudien (1995 \u2013 2005), Mitglied im DGVN-Pr\u00e4sidium<\/li>\n<li>Gespr\u00e4ch mit Prof. Dr. Inge Kaul<\/li>\n<\/ul>\n<p>Moderation: Oliver Hasenkamp, DGVN<\/p>\n<p><strong>VERANSTALTUNGSORT<\/strong><\/p>\n<p><strong>Hotel Aquino<\/strong> | Tagungszentrum Katholische Akademie<br>\nHannoversche Str. 5B,&nbsp;10115 Berlin<\/p>\n<p>Bitte melden Sie sich <a href=\"https:\/\/dgvn.de\/index.php?id=3295\">hier<\/a> f\u00fcr die&nbsp;Veranstaltung an.<\/p>\n<p>Noch mehr Informationen zur UN bekommen Sie in unserem <a href=\"https:\/\/www.ub.fu-berlin.de\/bibliothek\/uneu\/\">Dokumentationszentrum UN-EU<\/a>.<\/p>","protected":false},"excerpt":{"rendered":"<p>Der Betrieb des \u201eDokumentationszentrums UN \u2013 EU\u201c wird eingestellt. Die entsprechende Literatur bleibt im Bestand und ist weiterhin zug\u00e4nglich. Die Deutsche Gesellschaft f\u00fcr die Vereinten Nationen e.V. (DGVN)&nbsp;l\u00e4dt am 18. Dezember 2018, von 9:30 &#8211; 11:00 Uhr, zu einer&nbsp;Veranstaltung zum Konzept der&nbsp;menschlichen Entwicklung&nbsp;(mit&nbsp;Fr\u00fchst\u00fccksimbiss ab 9:00 Uhr) ein. Seit 1990 ver\u00f6ffentlicht das UN-Entwicklungsprogramm (UNDP) den&nbsp;Bericht \u00fcber &hellip; <a href=\"https:\/\/blogs.fu-berlin.de\/bibliotheken\/2018\/12\/13\/menschliche-entwicklung-zahlen-und-fakten-2018\/\" class=\"more-link\"><span class=\"screen-reader-text\">\u201eMenschliche Entwicklung: Zahlen und Fakten 2018\u201c<\/span> weiterlesen<\/a><\/p>\n","protected":false},"author":2907,"featured_media":0,"comment_status":"open","ping_status":"open","sticky":false,"template":"","format":"standard","meta":{"footnotes":""},"categories":[9,70],"tags":[57510,2458,227370,227369,196754],"class_list":["post-24332","post","type-post","status-publish","format-standard","hentry","category-allgemein","category-veranstaltungen","tag-dgvn","tag-dokumentationszentrum-un-eu","tag-human-development-index","tag-human-development-report","tag-undp"],"_links":{"self":[{"href":"https:\/\/blogs.fu-berlin.de\/bibliotheken\/wp-json\/wp\/v2\/posts\/24332","targetHints":{"allow":["GET"]}}],"collection":[{"href":"https:\/\/blogs.fu-berlin.de\/bibliotheken\/wp-json\/wp\/v2\/posts"}],"about":[{"href":"https:\/\/blogs.fu-berlin.de\/bibliotheken\/wp-json\/wp\/v2\/types\/post"}],"author":[{"embeddable":true,"href":"https:\/\/blogs.fu-berlin.de\/bibliotheken\/wp-json\/wp\/v2\/users\/2907"}],"replies":[{"embeddable":true,"href":"https:\/\/blogs.fu-berlin.de\/bibliotheken\/wp-json\/wp\/v2\/comments?post=24332"}],"version-history":[{"count":8,"href":"https:\/\/blogs.fu-berlin.de\/bibliotheken\/wp-json\/wp\/v2\/posts\/24332\/revisions"}],"predecessor-version":[{"id":29256,"href":"https:\/\/blogs.fu-berlin.de\/bibliotheken\/wp-json\/wp\/v2\/posts\/24332\/revisions\/29256"}],"wp:attachment":[{"href":"https:\/\/blogs.fu-berlin.de\/bibliotheken\/wp-json\/wp\/v2\/media?parent=24332"}],"wp:term":[{"taxonomy":"category","embeddable":true,"href":"https:\/\/blogs.fu-berlin.de\/bibliotheken\/wp-json\/wp\/v2\/categories?post=24332"},{"taxonomy":"post_tag","embeddable":true,"href":"https:\/\/blogs.fu-berlin.de\/bibliotheken\/wp-json\/wp\/v2\/tags?post=24332"}],"curies":[{"name":"wp","href":"https:\/\/api.w.org\/{rel}","templated":true}]}}