{"id":24372,"date":"2019-01-03T12:00:00","date_gmt":"2019-01-03T11:00:00","guid":{"rendered":"https:\/\/blogs.fu-berlin.de\/bibliotheken\/?p=24372"},"modified":"2021-09-14T07:47:46","modified_gmt":"2021-09-14T06:47:46","slug":"im-kreis-der-maechtigen-erwartungen-an-deutschlands-mitgliedschaft-im-sicherheitsrat-der-vereinten-nationen","status":"publish","type":"post","link":"https:\/\/blogs.fu-berlin.de\/bibliotheken\/2019\/01\/03\/im-kreis-der-maechtigen-erwartungen-an-deutschlands-mitgliedschaft-im-sicherheitsrat-der-vereinten-nationen\/","title":{"rendered":"Im Kreis der M\u00e4chtigen: Erwartungen an Deutschlands Mitgliedschaft im Sicherheitsrat der Vereinten Nationen"},"content":{"rendered":"\n<p><em><span class=\"has-inline-color has-bright-red-color\">Der Betrieb des \u201eDokumentationszentrums UN \u2013 EU\u201c wird eingestellt. Die entsprechende Literatur bleibt im Bestand und ist weiterhin zug\u00e4nglich.<\/span><\/em><\/p>\n\n\n<p>Die deutsche Gesellschaft f\u00fcr die Vereinten Nationen (DGVN) l\u00e4dt gemeinsam mit Inforadio-rbb am <strong>11.01.2019,<\/strong> von <strong>19:00-21:00 Uhr <\/strong>zu einer Veranstaltung ein.<\/p>\n<p>2019 zieht Deutschland ein weiteres Mal f\u00fcr zwei Jahre in den UN-Sicherheitsrat ein. Der Rat tr\u00e4gt die Hauptverantwortung f\u00fcr die internationale Sicherheit und die Wahrung des Weltfriedens.<\/p>\n<p>Deutschland will sich vor allem f\u00fcr die Verh\u00fctung von Krisen und Konflikten, den Kampf gegen den Klimawandel und den Schutz der Menschenrechte einsetzen. Doch wie viel Einfluss hat Deutschland tats\u00e4chlich? Und ist der Sicherheitsrat in seiner jetzigen Form \u00fcberhaupt noch auf der H\u00f6he der Zeit?<\/p>\n<p>Dar\u00fcber k\u00f6nnen Sie diskutieren mit:<\/p>\n<ul>\n<li>Dietmar Ringel (Inforadio-rbb)<\/li>\n<li>Annalena Baerbock (Vorsitzende B\u00fcndnis 90\/Die Gr\u00fcnen)<\/li>\n<li>Detlef Dzembritzki (DGVN-Vorsitzender)<\/li>\n<li>Prof. Dr. Beate Rudolf (Direktorin des Deutschen Instituts f\u00fcr Menschenrechte)<\/li>\n<li>Prof. Dr. Johannes Varwick (Universit\u00e4t Halle)<\/li>\n<li>Dietmar Ringel (Inforadio-rbb) &#8211; Moderation<\/li>\n<\/ul>\n<p>Veranstaltungort:<\/p>\n<ul>\n<li><strong>Hotel Aquino<\/strong>, Hannoversche Stra\u00dfe 5b, 10115 Berlin. Der Einlass beginnt um 18:30 Uhr.<\/li>\n<\/ul>\n<p>Um <a href=\"https:\/\/dgvn.de\/aktivitaeten\/19-01-11-deutschland-im-sr\/\">Anmeldung<\/a> wird gebeten.<\/p>\n<p>Die Podiumsdiskussion wird aufgezeichnet und am 13. Januar 2019 in der Sendereihe \u201eDas Forum\u201c im RBB ausgestrahlt. Nach der Veranstaltung laden wir zu einem Empfang.<\/p>\n<p>Noch mehr Informationen zur UN bekommen Sie in unserem <a href=\"https:\/\/www.ub.fu-berlin.de\/bibliothek\/uneu\/\">Dokumentationszentrum UN-EU<\/a>.<\/p>","protected":false},"excerpt":{"rendered":"<p>Der Betrieb des \u201eDokumentationszentrums UN \u2013 EU\u201c wird eingestellt. Die entsprechende Literatur bleibt im Bestand und ist weiterhin zug\u00e4nglich. Die deutsche Gesellschaft f\u00fcr die Vereinten Nationen (DGVN) l\u00e4dt gemeinsam mit Inforadio-rbb am 11.01.2019, von 19:00-21:00 Uhr zu einer Veranstaltung ein. 2019 zieht Deutschland ein weiteres Mal f\u00fcr zwei Jahre in den UN-Sicherheitsrat ein. Der Rat &hellip; <a href=\"https:\/\/blogs.fu-berlin.de\/bibliotheken\/2019\/01\/03\/im-kreis-der-maechtigen-erwartungen-an-deutschlands-mitgliedschaft-im-sicherheitsrat-der-vereinten-nationen\/\" class=\"more-link\"><span class=\"screen-reader-text\">\u201eIm Kreis der M\u00e4chtigen: Erwartungen an Deutschlands Mitgliedschaft im Sicherheitsrat der Vereinten Nationen\u201c<\/span> weiterlesen<\/a><\/p>\n","protected":false},"author":2907,"featured_media":0,"comment_status":"open","ping_status":"open","sticky":false,"template":"","format":"standard","meta":{"footnotes":""},"categories":[9,70],"tags":[759,57510,2458,227376,12086],"class_list":["post-24372","post","type-post","status-publish","format-standard","hentry","category-allgemein","category-veranstaltungen","tag-bundesrepublik-deutschland","tag-dgvn","tag-dokumentationszentrum-un-eu","tag-sicherheitsrat-der-vereinten-nationen","tag-vereinte-nationen"],"_links":{"self":[{"href":"https:\/\/blogs.fu-berlin.de\/bibliotheken\/wp-json\/wp\/v2\/posts\/24372","targetHints":{"allow":["GET"]}}],"collection":[{"href":"https:\/\/blogs.fu-berlin.de\/bibliotheken\/wp-json\/wp\/v2\/posts"}],"about":[{"href":"https:\/\/blogs.fu-berlin.de\/bibliotheken\/wp-json\/wp\/v2\/types\/post"}],"author":[{"embeddable":true,"href":"https:\/\/blogs.fu-berlin.de\/bibliotheken\/wp-json\/wp\/v2\/users\/2907"}],"replies":[{"embeddable":true,"href":"https:\/\/blogs.fu-berlin.de\/bibliotheken\/wp-json\/wp\/v2\/comments?post=24372"}],"version-history":[{"count":7,"href":"https:\/\/blogs.fu-berlin.de\/bibliotheken\/wp-json\/wp\/v2\/posts\/24372\/revisions"}],"predecessor-version":[{"id":29252,"href":"https:\/\/blogs.fu-berlin.de\/bibliotheken\/wp-json\/wp\/v2\/posts\/24372\/revisions\/29252"}],"wp:attachment":[{"href":"https:\/\/blogs.fu-berlin.de\/bibliotheken\/wp-json\/wp\/v2\/media?parent=24372"}],"wp:term":[{"taxonomy":"category","embeddable":true,"href":"https:\/\/blogs.fu-berlin.de\/bibliotheken\/wp-json\/wp\/v2\/categories?post=24372"},{"taxonomy":"post_tag","embeddable":true,"href":"https:\/\/blogs.fu-berlin.de\/bibliotheken\/wp-json\/wp\/v2\/tags?post=24372"}],"curies":[{"name":"wp","href":"https:\/\/api.w.org\/{rel}","templated":true}]}}