{"id":24382,"date":"2019-01-10T11:42:50","date_gmt":"2019-01-10T10:42:50","guid":{"rendered":"https:\/\/blogs.fu-berlin.de\/bibliotheken\/?p=24382"},"modified":"2021-09-14T07:47:18","modified_gmt":"2021-09-14T06:47:18","slug":"unbezahlbar-veranstaltung-aus-anlass-des-80-geburtstags-von-professor-dr-klaus-huefner","status":"publish","type":"post","link":"https:\/\/blogs.fu-berlin.de\/bibliotheken\/2019\/01\/10\/unbezahlbar-veranstaltung-aus-anlass-des-80-geburtstags-von-professor-dr-klaus-huefner\/","title":{"rendered":"UNbezahlbar! Veranstaltung aus Anlass des 80. Geburtstags von Professor Dr. Klaus H\u00fcfner"},"content":{"rendered":"\n<p><em><span class=\"has-inline-color has-bright-red-color\">Der Betrieb des \u201eDokumentationszentrums UN \u2013 EU\u201c wird eingestellt. Die entsprechende Literatur bleibt im Bestand und ist weiterhin zug\u00e4nglich.<\/span><\/em><\/p>\n\n\n<p><figure id=\"attachment_24388\" aria-describedby=\"caption-attachment-24388\" style=\"width: 300px\" class=\"wp-caption alignright\"><img loading=\"lazy\" decoding=\"async\" class=\"wp-image-24388 size-medium\" src=\"https:\/\/blogs.fu-berlin.de\/bibliotheken\/files\/2019\/01\/UN-Flage-300x200.jpg\" alt=\"\" width=\"300\" height=\"200\" srcset=\"https:\/\/blogs.fu-berlin.de\/bibliotheken\/files\/2019\/01\/UN-Flage-300x200.jpg 300w, https:\/\/blogs.fu-berlin.de\/bibliotheken\/files\/2019\/01\/UN-Flage-1200x800.jpg 1200w\" sizes=\"auto, (max-width: 300px) 85vw, 300px\" \/><figcaption id=\"caption-attachment-24388\" class=\"wp-caption-text\">UN Flag (https:\/\/www.unmultimedia.org\/s\/photo\/detail\/792\/0792832.html)<\/figcaption><\/figure><\/p>\n<p>Wie kaum ein anderer hat sich Professor Dr. Klaus H\u00fcfner wissenschaftlich mit den Finanzbeitr\u00e4gen der Mitgliedstaaten an die Vereinten Nationen besch\u00e4ftigt. Aus Anlass seines 80. Geburtstages l\u00e4dt die Deutsche Gesellschaft f\u00fcr die Vereinten Nationen am <strong>22. Januar 2019<\/strong> von <span class=\"event-data__value\">18.30 bis 20.00 Uhr <\/span>zu einer Diskussionsveranstaltung zu den Themen Reform und Finanzierung der Vereinten Nationen.<\/p>\n<p><strong>PROGRAMM<\/strong><\/p>\n<p><strong>Begr\u00fc\u00dfung:<\/strong><\/p>\n<p>Detlef Dzembritzki, DGVN-Vorsitzender<\/p>\n<p><strong>Laudatio:<\/strong><\/p>\n<p>Prof. Dr. Norman Wei\u00df, Koordinator des DGVN-Forschungsrats, Universit\u00e4t Potsdam<\/p>\n<p><strong>Podiumsg\u00e4ste:<\/strong><\/p>\n<p>Prof. Dr. Klaus H\u00fcfner, DGVN-Pr\u00e4sidium<\/p>\n<p>Christian Mangelsdorf, Leiter der Arbeitseinheit f\u00fcr Management, Haushalt und Personalfragen der Vereinten Nationen im Ausw\u00e4rtigen Amt (AA)<\/p>\n<p>Jens Martens, Gesch\u00e4ftsf\u00fchrer des Global Policy Forums (GPF)<\/p>\n<p>Dr. Sebastian Paust, Leiter des Referats 504 \u201eVereinte Nationen\u201c, im Bundesministerium f\u00fcr wirtschaftliche Zusammenarbeit und Entwicklung (BMZ)<\/p>\n<p>Dr. Silke Weinlich, Wissenschaftliche Mitarbeiterin am Deutschen Institut f\u00fcr Entwicklungshilfe (DIE)<\/p>\n<p><strong>Moderation:<\/strong><\/p>\n<p>Prof. Dr. Andrea Liese, Universit\u00e4t Potsdam und Mitglied des DGVN-Forschungsrats<\/p>\n<p><strong>Veranstaltungsadresse:<\/strong><\/p>\n<p>Hotel Aquino, Tagungszentrum Katholische Akademie, Forum B, Hannoversche Str. 5B, 10115 Berlin<\/p>\n<p>Der <strong>Einlass<\/strong> beginnt um <strong>17:30 Uhr<\/strong>. Nach der Veranstaltung wir zu einem Empfang gebeten.<\/p>\n<p>Bitte melden Sie sich \u00fcber das <a href=\"https:\/\/dgvn.de\/aktivitaeten\/19-01-22-un-finanzierung\/\">Onlineformular<\/a> der DGVN an.<\/p>\n<p>Noch mehr Informationen zur UN bekommen Sie in unserem <a href=\"https:\/\/www.ub.fu-berlin.de\/bibliothek\/uneu\/\">Dokumentationszentrum UN-EU<\/a>.<\/p>\n<p>&nbsp;<\/p>","protected":false},"excerpt":{"rendered":"<p>Der Betrieb des \u201eDokumentationszentrums UN \u2013 EU\u201c wird eingestellt. Die entsprechende Literatur bleibt im Bestand und ist weiterhin zug\u00e4nglich. Wie kaum ein anderer hat sich Professor Dr. Klaus H\u00fcfner wissenschaftlich mit den Finanzbeitr\u00e4gen der Mitgliedstaaten an die Vereinten Nationen besch\u00e4ftigt. Aus Anlass seines 80. Geburtstages l\u00e4dt die Deutsche Gesellschaft f\u00fcr die Vereinten Nationen am 22. &hellip; <a href=\"https:\/\/blogs.fu-berlin.de\/bibliotheken\/2019\/01\/10\/unbezahlbar-veranstaltung-aus-anlass-des-80-geburtstags-von-professor-dr-klaus-huefner\/\" class=\"more-link\"><span class=\"screen-reader-text\">\u201eUNbezahlbar! Veranstaltung aus Anlass des 80. Geburtstags von Professor Dr. Klaus H\u00fcfner\u201c<\/span> weiterlesen<\/a><\/p>\n","protected":false},"author":2907,"featured_media":0,"comment_status":"open","ping_status":"open","sticky":false,"template":"","format":"standard","meta":{"footnotes":""},"categories":[9,70],"tags":[57510,2458,227377,12086],"class_list":["post-24382","post","type-post","status-publish","format-standard","hentry","category-allgemein","category-veranstaltungen","tag-dgvn","tag-dokumentationszentrum-un-eu","tag-professor-dr-klaus-huefner","tag-vereinte-nationen"],"_links":{"self":[{"href":"https:\/\/blogs.fu-berlin.de\/bibliotheken\/wp-json\/wp\/v2\/posts\/24382","targetHints":{"allow":["GET"]}}],"collection":[{"href":"https:\/\/blogs.fu-berlin.de\/bibliotheken\/wp-json\/wp\/v2\/posts"}],"about":[{"href":"https:\/\/blogs.fu-berlin.de\/bibliotheken\/wp-json\/wp\/v2\/types\/post"}],"author":[{"embeddable":true,"href":"https:\/\/blogs.fu-berlin.de\/bibliotheken\/wp-json\/wp\/v2\/users\/2907"}],"replies":[{"embeddable":true,"href":"https:\/\/blogs.fu-berlin.de\/bibliotheken\/wp-json\/wp\/v2\/comments?post=24382"}],"version-history":[{"count":7,"href":"https:\/\/blogs.fu-berlin.de\/bibliotheken\/wp-json\/wp\/v2\/posts\/24382\/revisions"}],"predecessor-version":[{"id":29250,"href":"https:\/\/blogs.fu-berlin.de\/bibliotheken\/wp-json\/wp\/v2\/posts\/24382\/revisions\/29250"}],"wp:attachment":[{"href":"https:\/\/blogs.fu-berlin.de\/bibliotheken\/wp-json\/wp\/v2\/media?parent=24382"}],"wp:term":[{"taxonomy":"category","embeddable":true,"href":"https:\/\/blogs.fu-berlin.de\/bibliotheken\/wp-json\/wp\/v2\/categories?post=24382"},{"taxonomy":"post_tag","embeddable":true,"href":"https:\/\/blogs.fu-berlin.de\/bibliotheken\/wp-json\/wp\/v2\/tags?post=24382"}],"curies":[{"name":"wp","href":"https:\/\/api.w.org\/{rel}","templated":true}]}}