{"id":24390,"date":"2019-01-11T13:57:17","date_gmt":"2019-01-11T12:57:17","guid":{"rendered":"https:\/\/blogs.fu-berlin.de\/bibliotheken\/?p=24390"},"modified":"2021-09-14T07:46:47","modified_gmt":"2021-09-14T06:46:47","slug":"vortrag-von-alberto-alemanno-eu-elections-2019-break-or-make-moment-for-europe","status":"publish","type":"post","link":"https:\/\/blogs.fu-berlin.de\/bibliotheken\/2019\/01\/11\/vortrag-von-alberto-alemanno-eu-elections-2019-break-or-make-moment-for-europe\/","title":{"rendered":"Vortrag von Alberto Alemanno: \u201cEU elections 2019: Break or Make Moment for Europe\u201d"},"content":{"rendered":"\n<p><em><span class=\"has-inline-color has-bright-red-color\">Der Betrieb des \u201eDokumentationszentrums UN \u2013 EU\u201c wird eingestellt. Die entsprechende Literatur bleibt im Bestand und ist weiterhin zug\u00e4nglich.<\/span><\/em><\/p>\n\n\n<p>Das Otto-Suhr-Institut f\u00fcr Politikwissenschaft l\u00e4dt alle Studierenden am <strong>17. Januar 2019<\/strong>, um <strong>17 Uh<\/strong>r zu einem Vortrag und anschlie\u00dfender Diskussion mit <a href=\"https:\/\/www.polsoz.fu-berlin.de\/polwiss\/termine\/Invitation-Conference-Alberto-Alemanno-FU-HEC-17_01_2019-_002_.pdf\">Professor Dr. Alberto Alemanno<\/a> ein.<\/p>\n<p>Thema: K\u00f6nnen transnationale Parteien (wie etwa die von Yanis Varoufakis und Beno\u00eet Hamon angef\u00fchrte \u201eEuropean Spring\u201c Partei) dazu beitragen, dass W\u00e4hlerinnen und W\u00e4hler sich <em>transnational<\/em> mit europ\u00e4ischen Fragen &#8211; z. B. Migration &#8211; besch\u00e4ftigen? K\u00f6nnen sie das viel zitierte \u201eDemokratiedefizit\u201c der EU beheben?<\/p>\n<p>Alberto Alemanno ist Jean Monnet Professor f\u00fcr EU Recht an der <a href=\"http:\/\/www.hec.edu\/\">HEC Paris<\/a>, europ\u00e4ischer Aktivist und der Autor u.a. von <em>Lobbying for Change: Find Your Voice to Create a Better Society<\/em> (Icon Books, 2017).<\/p>\n<p>Ort: Henry-Ford-Bau der Freien Universit\u00e4t Berlin, H\u00f6rsaal A, Garystra\u00dfe 35, 14195 Berlin-Dahlem<\/p>\n<p><strong>Bitte melden Sie sich an: <a href=\"http:\/\/2a3gbuax.evenium.net\/\">http:\/\/2a3gbuax.evenium.net<\/a><\/strong><\/p>\n<p>Noch mehr Informationen zur EU bekommen Sie in unserem <a href=\"https:\/\/www.ub.fu-berlin.de\/bibliothek\/uneu\/\">Dokumentationszentrum UN-EU<\/a>.<\/p>","protected":false},"excerpt":{"rendered":"<p>Der Betrieb des \u201eDokumentationszentrums UN \u2013 EU\u201c wird eingestellt. Die entsprechende Literatur bleibt im Bestand und ist weiterhin zug\u00e4nglich. Das Otto-Suhr-Institut f\u00fcr Politikwissenschaft l\u00e4dt alle Studierenden am 17. Januar 2019, um 17 Uhr zu einem Vortrag und anschlie\u00dfender Diskussion mit Professor Dr. Alberto Alemanno ein. Thema: K\u00f6nnen transnationale Parteien (wie etwa die von Yanis Varoufakis &hellip; <a href=\"https:\/\/blogs.fu-berlin.de\/bibliotheken\/2019\/01\/11\/vortrag-von-alberto-alemanno-eu-elections-2019-break-or-make-moment-for-europe\/\" class=\"more-link\"><span class=\"screen-reader-text\">\u201eVortrag von Alberto Alemanno: \u201cEU elections 2019: Break or Make Moment for Europe\u201d\u201c<\/span> weiterlesen<\/a><\/p>\n","protected":false},"author":2907,"featured_media":0,"comment_status":"open","ping_status":"open","sticky":false,"template":"","format":"standard","meta":{"footnotes":""},"categories":[9,70],"tags":[2458,227379,227380,227378],"class_list":["post-24390","post","type-post","status-publish","format-standard","hentry","category-allgemein","category-veranstaltungen","tag-dokumentationszentrum-un-eu","tag-fachbereich-politik-und-sozialwissenschaften","tag-hec-paris","tag-professor-dr-alberto-alemanno"],"_links":{"self":[{"href":"https:\/\/blogs.fu-berlin.de\/bibliotheken\/wp-json\/wp\/v2\/posts\/24390","targetHints":{"allow":["GET"]}}],"collection":[{"href":"https:\/\/blogs.fu-berlin.de\/bibliotheken\/wp-json\/wp\/v2\/posts"}],"about":[{"href":"https:\/\/blogs.fu-berlin.de\/bibliotheken\/wp-json\/wp\/v2\/types\/post"}],"author":[{"embeddable":true,"href":"https:\/\/blogs.fu-berlin.de\/bibliotheken\/wp-json\/wp\/v2\/users\/2907"}],"replies":[{"embeddable":true,"href":"https:\/\/blogs.fu-berlin.de\/bibliotheken\/wp-json\/wp\/v2\/comments?post=24390"}],"version-history":[{"count":5,"href":"https:\/\/blogs.fu-berlin.de\/bibliotheken\/wp-json\/wp\/v2\/posts\/24390\/revisions"}],"predecessor-version":[{"id":29248,"href":"https:\/\/blogs.fu-berlin.de\/bibliotheken\/wp-json\/wp\/v2\/posts\/24390\/revisions\/29248"}],"wp:attachment":[{"href":"https:\/\/blogs.fu-berlin.de\/bibliotheken\/wp-json\/wp\/v2\/media?parent=24390"}],"wp:term":[{"taxonomy":"category","embeddable":true,"href":"https:\/\/blogs.fu-berlin.de\/bibliotheken\/wp-json\/wp\/v2\/categories?post=24390"},{"taxonomy":"post_tag","embeddable":true,"href":"https:\/\/blogs.fu-berlin.de\/bibliotheken\/wp-json\/wp\/v2\/tags?post=24390"}],"curies":[{"name":"wp","href":"https:\/\/api.w.org\/{rel}","templated":true}]}}