{"id":24425,"date":"2019-01-15T17:17:17","date_gmt":"2019-01-15T16:17:17","guid":{"rendered":"https:\/\/blogs.fu-berlin.de\/bibliotheken\/?p=24425"},"modified":"2019-01-16T10:20:50","modified_gmt":"2019-01-16T09:20:50","slug":"anbieterwechsel-bei-der-mla-international-bibliography","status":"publish","type":"post","link":"https:\/\/blogs.fu-berlin.de\/bibliotheken\/2019\/01\/15\/anbieterwechsel-bei-der-mla-international-bibliography\/","title":{"rendered":"Anbieterwechsel bei der MLA International Bibliography"},"content":{"rendered":"<p>Anfang des Jahres fand bei der <a href=\"http:\/\/dbis.ur.de\/detail.php?titel_id=76&amp;bib_id=fub\" target=\"_blank\" rel=\"noopener\">MLA International Bibliography<\/a> ein Anbieterwechsel statt. Die von der FU lizenzierte internationale fachbibliografische Datenbank zur Sprach- und Literaturwissenschaft war bisher an der FU \u00fcber den Datenbankanbieter ProQuest zug\u00e4nglich. Seit 1. Januar 2019 wird die MLA nur noch \u00fcber EBSCOhost angeboten.<br \/>\nLeider f\u00e4llt damit ab 29. M\u00e4rz 2019 die Einbindung der Daten der MLA in das Bibliotheksportal Primo weg, so dass Quellen aus der MLA dann nur noch auf der Originaloberfl\u00e4che der Datenbank recherchiert werden k\u00f6nnen.<\/p>\n<figure id=\"attachment_24426\" aria-describedby=\"caption-attachment-24426\" style=\"width: 1359px\" class=\"wp-caption alignleft\"><a href=\"https:\/\/search.ebscohost.com\/login.aspx?authtype=ip,uid&amp;custid=s3723167&amp;profile=ehost&amp;defaultdb=mzh&amp;groupid=main\"><img loading=\"lazy\" decoding=\"async\" class=\"wp-image-24426 size-full\" style=\"border: 1px solid black\" src=\"https:\/\/blogs.fu-berlin.de\/bibliotheken\/files\/2019\/01\/MLA.png\" alt=\"\" width=\"1359\" height=\"398\" srcset=\"https:\/\/blogs.fu-berlin.de\/bibliotheken\/files\/2019\/01\/MLA.png 1359w, https:\/\/blogs.fu-berlin.de\/bibliotheken\/files\/2019\/01\/MLA-300x88.png 300w, https:\/\/blogs.fu-berlin.de\/bibliotheken\/files\/2019\/01\/MLA-1200x351.png 1200w\" sizes=\"auto, (max-width: 709px) 85vw, (max-width: 909px) 67vw, (max-width: 1362px) 62vw, 840px\" \/><\/a><figcaption id=\"caption-attachment-24426\" class=\"wp-caption-text\">Neue Sucheroberfl\u00e4che via EBSCOhost<\/figcaption><\/figure>\n","protected":false},"excerpt":{"rendered":"<p>Anfang des Jahres fand bei der MLA International Bibliography ein Anbieterwechsel statt. Die von der FU lizenzierte internationale fachbibliografische Datenbank zur Sprach- und Literaturwissenschaft war bisher an der FU \u00fcber den Datenbankanbieter ProQuest zug\u00e4nglich. Seit 1. Januar 2019 wird die MLA nur noch \u00fcber EBSCOhost angeboten. Leider f\u00e4llt damit ab 29. M\u00e4rz 2019 die Einbindung &hellip; <a href=\"https:\/\/blogs.fu-berlin.de\/bibliotheken\/2019\/01\/15\/anbieterwechsel-bei-der-mla-international-bibliography\/\" class=\"more-link\"><span class=\"screen-reader-text\">\u201eAnbieterwechsel bei der MLA International Bibliography\u201c<\/span> weiterlesen<\/a><\/p>\n","protected":false},"author":266,"featured_media":0,"comment_status":"open","ping_status":"open","sticky":false,"template":"","format":"standard","meta":{"footnotes":""},"categories":[457,584805],"tags":[227385,3092,2455,227384,2938],"class_list":["post-24425","post","type-post","status-publish","format-standard","hentry","category-digitale-bibliothek","category-was-ist-neu","tag-ebscohost","tag-fachbibliografie","tag-literaturwissenschaft","tag-mla-international-bibliography","tag-sprachwissenschaft"],"_links":{"self":[{"href":"https:\/\/blogs.fu-berlin.de\/bibliotheken\/wp-json\/wp\/v2\/posts\/24425","targetHints":{"allow":["GET"]}}],"collection":[{"href":"https:\/\/blogs.fu-berlin.de\/bibliotheken\/wp-json\/wp\/v2\/posts"}],"about":[{"href":"https:\/\/blogs.fu-berlin.de\/bibliotheken\/wp-json\/wp\/v2\/types\/post"}],"author":[{"embeddable":true,"href":"https:\/\/blogs.fu-berlin.de\/bibliotheken\/wp-json\/wp\/v2\/users\/266"}],"replies":[{"embeddable":true,"href":"https:\/\/blogs.fu-berlin.de\/bibliotheken\/wp-json\/wp\/v2\/comments?post=24425"}],"version-history":[{"count":6,"href":"https:\/\/blogs.fu-berlin.de\/bibliotheken\/wp-json\/wp\/v2\/posts\/24425\/revisions"}],"predecessor-version":[{"id":24437,"href":"https:\/\/blogs.fu-berlin.de\/bibliotheken\/wp-json\/wp\/v2\/posts\/24425\/revisions\/24437"}],"wp:attachment":[{"href":"https:\/\/blogs.fu-berlin.de\/bibliotheken\/wp-json\/wp\/v2\/media?parent=24425"}],"wp:term":[{"taxonomy":"category","embeddable":true,"href":"https:\/\/blogs.fu-berlin.de\/bibliotheken\/wp-json\/wp\/v2\/categories?post=24425"},{"taxonomy":"post_tag","embeddable":true,"href":"https:\/\/blogs.fu-berlin.de\/bibliotheken\/wp-json\/wp\/v2\/tags?post=24425"}],"curies":[{"name":"wp","href":"https:\/\/api.w.org\/{rel}","templated":true}]}}