{"id":24443,"date":"2019-01-21T07:16:40","date_gmt":"2019-01-21T06:16:40","guid":{"rendered":"https:\/\/blogs.fu-berlin.de\/bibliotheken\/?p=24443"},"modified":"2021-09-14T07:43:15","modified_gmt":"2021-09-14T06:43:15","slug":"veranstaltungsheinweis-unitour","status":"publish","type":"post","link":"https:\/\/blogs.fu-berlin.de\/bibliotheken\/2019\/01\/21\/veranstaltungsheinweis-unitour\/","title":{"rendered":"Unitour zur Europawahl &#8211; Foyer Mensa II"},"content":{"rendered":"\n<p><em><span class=\"has-inline-color has-bright-red-color\">Der Betrieb des \u201eDokumentationszentrums UN \u2013 EU\u201c wird eingestellt. Die entsprechende Literatur bleibt im Bestand und ist weiterhin zug\u00e4nglich.<\/span><\/em><\/p>\n\n\n<p>Die Europawahl steht vor der T\u00fcr!<\/p>\n<p>Am 26. Mai 2019 ist es wieder soweit und Ihr k\u00f6nnt Eure Stimme abgeben.<\/p>\n<p>Habt Ihr noch Fragen zur Wahl oder wollt Euch engagieren?<\/p>\n<p>Am 23. Januar 2019 wird ein Informationsstand im Rahmen der Kampagne \u201eDiesmal w\u00e4hle ich\u201c des Verbindungsb\u00fcros des Europ\u00e4ischen Parlaments in Deutschland die Freie Universit\u00e4t Berlin besuchen.<\/p>\n<p>Schaut vorbei! Der Informationsstand wird von <strong>9.30 -15.30 Uhr<\/strong> im <strong>Foyer der Mensa&nbsp;<\/strong>(Otto-von-Simson-Str 26&nbsp; \/ Silberlaube) stehen.<\/p>\n<p>Weitere Informationen findet Ihr auch unter: <a href=\"http:\/\/www.diesmalwaehleich.eu\">www.diesmalwaehleich.eu<\/a>.<\/p>\n<p>Noch mehr Informationen zur EU bekommen Sie in unserem <a href=\"https:\/\/www.ub.fu-berlin.de\/bibliothek\/uneu\/\">Dokumentationszentrum UN-EU<\/a>.<\/p>","protected":false},"excerpt":{"rendered":"<p>Der Betrieb des \u201eDokumentationszentrums UN \u2013 EU\u201c wird eingestellt. Die entsprechende Literatur bleibt im Bestand und ist weiterhin zug\u00e4nglich. Die Europawahl steht vor der T\u00fcr! Am 26. Mai 2019 ist es wieder soweit und Ihr k\u00f6nnt Eure Stimme abgeben. Habt Ihr noch Fragen zur Wahl oder wollt Euch engagieren? Am 23. Januar 2019 wird ein &hellip; <a href=\"https:\/\/blogs.fu-berlin.de\/bibliotheken\/2019\/01\/21\/veranstaltungsheinweis-unitour\/\" class=\"more-link\"><span class=\"screen-reader-text\">\u201eUnitour zur Europawahl &#8211; Foyer Mensa II\u201c<\/span> weiterlesen<\/a><\/p>\n","protected":false},"author":3230,"featured_media":0,"comment_status":"open","ping_status":"open","sticky":false,"template":"","format":"standard","meta":{"footnotes":""},"categories":[70],"tags":[2458,218384,218381,227386],"class_list":["post-24443","post","type-post","status-publish","format-standard","hentry","category-veranstaltungen","tag-dokumentationszentrum-un-eu","tag-europaeische-parlament","tag-europawahl-2019","tag-unitour"],"_links":{"self":[{"href":"https:\/\/blogs.fu-berlin.de\/bibliotheken\/wp-json\/wp\/v2\/posts\/24443","targetHints":{"allow":["GET"]}}],"collection":[{"href":"https:\/\/blogs.fu-berlin.de\/bibliotheken\/wp-json\/wp\/v2\/posts"}],"about":[{"href":"https:\/\/blogs.fu-berlin.de\/bibliotheken\/wp-json\/wp\/v2\/types\/post"}],"author":[{"embeddable":true,"href":"https:\/\/blogs.fu-berlin.de\/bibliotheken\/wp-json\/wp\/v2\/users\/3230"}],"replies":[{"embeddable":true,"href":"https:\/\/blogs.fu-berlin.de\/bibliotheken\/wp-json\/wp\/v2\/comments?post=24443"}],"version-history":[{"count":8,"href":"https:\/\/blogs.fu-berlin.de\/bibliotheken\/wp-json\/wp\/v2\/posts\/24443\/revisions"}],"predecessor-version":[{"id":29241,"href":"https:\/\/blogs.fu-berlin.de\/bibliotheken\/wp-json\/wp\/v2\/posts\/24443\/revisions\/29241"}],"wp:attachment":[{"href":"https:\/\/blogs.fu-berlin.de\/bibliotheken\/wp-json\/wp\/v2\/media?parent=24443"}],"wp:term":[{"taxonomy":"category","embeddable":true,"href":"https:\/\/blogs.fu-berlin.de\/bibliotheken\/wp-json\/wp\/v2\/categories?post=24443"},{"taxonomy":"post_tag","embeddable":true,"href":"https:\/\/blogs.fu-berlin.de\/bibliotheken\/wp-json\/wp\/v2\/tags?post=24443"}],"curies":[{"name":"wp","href":"https:\/\/api.w.org\/{rel}","templated":true}]}}